{"id":990,"date":"2017-03-22T16:51:03","date_gmt":"2017-03-22T16:51:03","guid":{"rendered":"http:\/\/www.sindenfermeiro.com.br\/?p=990"},"modified":"2026-04-29T09:22:05","modified_gmt":"2026-04-29T12:22:05","slug":"nota-de-esclarecimento-queda-de-crianca-no-hospital-regional-do-gama","status":"publish","type":"post","link":"https:\/\/sindenfermeiro.com.br\/index.php\/2017\/03\/22\/nota-de-esclarecimento-queda-de-crianca-no-hospital-regional-do-gama\/","title":{"rendered":"Nota de Esclarecimento &#8211; Queda de crian\u00e7a no Hospital Regional do Gama"},"content":{"rendered":"<p style=\"text-align: justify\">O Sindicato dos Enfermeiros do Distrito Federal (SindEnfermeiro-DF) vem a p\u00fablico esclarecer os fatos a respeito da queda de uma crian\u00e7a, no Hospital Regional do Gama, na \u00faltima ter\u00e7a (21).<\/p>\n<p style=\"text-align: justify\">O sindicato &#8211; como institui\u00e7\u00e3o que zela e, em determinadas circunst\u00e2ncias, responde pelo trabalho exercido pelo enfermeiro, no Distrito Federal &#8211; esclarece que n\u00e3o exime-se da responsabilidade sobre qualquer pr\u00e1tica, de enfermagem, que coloque em risco o paciente.<\/p>\n<p style=\"text-align: justify\">No entanto, o ocorrido da \u00faltima ter\u00e7a envolve uma s\u00e9rie de fatores &#8211; que elucidaremos \u00e0 frente -, al\u00e9m de uma enfermeira absolutamente profissional e que, em nenhuma ocasi\u00e3o \u2013 ao longo do servi\u00e7o prestado \u00e0 sa\u00fade -, esteve envolvida em qualquer caso de neglig\u00eancia.<\/p>\n<p style=\"text-align: justify\">A m\u00e3e do rec\u00e9m-nascido teve que ir ao banheiro, no instante em que outra paciente precisou de ajuda. A enfermeira, por reflexo, puxou o len\u00e7ol da cama para cobrir uma cadeira para a paciente sentar. O beb\u00ea, infelizmente, estava no enrolado no len\u00e7ol e caiu.<\/p>\n<p style=\"text-align: justify\">O sindicato lamenta profundamente que a crian\u00e7a tenha se lesionado e se coloca inteiramente \u00e0 disposi\u00e7\u00e3o para qualquer esclarecimento e colabora\u00e7\u00e3o. No entanto, \u00e9 absolutamente importante ponderar os fatos que cercam a queda da crian\u00e7a como:<\/p>\n<p style=\"text-align: justify\">1 &#8211; O Hospital Regional do Gama (HRG) sofre com a superlota\u00e7\u00e3o e com a alta demanda de partos, provocada pelo atendimento excedente de pacientes da Santa Maria.<\/p>\n<p style=\"text-align: justify\">2 &#8211; O HRG faz 600 partos por m\u00eas, quando tem capacidade para realizar 300. Ou seja, o dobro.<\/p>\n<p style=\"text-align: justify\">3 &#8211; O hospital tamb\u00e9m sofre com a falta de ber\u00e7os e enxovais adequados para rec\u00e9m-nascidos.<\/p>\n<p style=\"text-align: justify\">4 &#8211; A estrutura do hospital \u00e9 absolutamente comprometida e ultrapassada, provocando situa\u00e7\u00f5es nas quais as m\u00e3es devem se ausentar dos locais onde est\u00e3o com seus rec\u00e9m-nascidos, por falta de banheiro.<\/p>\n<p style=\"text-align: justify\">O SindEnfermeiro acredita que fatores como esses, infelizmente, contribuem para que aconte\u00e7am situa\u00e7\u00f5es delicadas como essa do HRG.<\/p>\n<p style=\"text-align: justify\">Por fim, o sindicato reafirma que lamenta imensamente o ocorrido e que est\u00e1 \u00e0 inteira disposi\u00e7\u00e3o para qualquer esclarecimento e colabora\u00e7\u00e3o.<\/p>\n<p style=\"text-align: justify\">Estado da crian\u00e7a<\/p>\n<p style=\"text-align: justify\">A crian\u00e7a encontra-se est\u00e1vel, com sinais ativos e reativos e reflexos neuromotores e vitais normais, al\u00e9m de respirar sem aux\u00edlio de aparelho.<\/p>\n<p style=\"text-align: justify\">Ela segue sendo monitorada, no Hospital de Base.<\/p>\n","protected":false},"excerpt":{"rendered":"<p>O Sindicato dos Enfermeiros do Distrito Federal (SindEnfermeiro-DF) vem a p\u00fablico esclarecer os fatos a respeito da queda de uma crian\u00e7a, no Hospital Regional do Gama, na \u00faltima ter\u00e7a (21). O sindicato &#8211; como institui\u00e7\u00e3o que zela e, em determinadas circunst\u00e2ncias, responde pelo trabalho exercido pelo enfermeiro, no Distrito Federal &#8211; esclarece que n\u00e3o exime-se [&hellip;]<\/p>\n","protected":false},"author":6,"featured_media":0,"comment_status":"closed","ping_status":"closed","sticky":false,"template":"","format":"standard","meta":{"footnotes":""},"categories":[6,2],"tags":[],"class_list":["post-990","post","type-post","status-publish","format-standard","hentry","category-noticias","category-teste"],"_links":{"self":[{"href":"https:\/\/sindenfermeiro.com.br\/index.php\/wp-json\/wp\/v2\/posts\/990","targetHints":{"allow":["GET"]}}],"collection":[{"href":"https:\/\/sindenfermeiro.com.br\/index.php\/wp-json\/wp\/v2\/posts"}],"about":[{"href":"https:\/\/sindenfermeiro.com.br\/index.php\/wp-json\/wp\/v2\/types\/post"}],"author":[{"embeddable":true,"href":"https:\/\/sindenfermeiro.com.br\/index.php\/wp-json\/wp\/v2\/users\/6"}],"replies":[{"embeddable":true,"href":"https:\/\/sindenfermeiro.com.br\/index.php\/wp-json\/wp\/v2\/comments?post=990"}],"version-history":[{"count":1,"href":"https:\/\/sindenfermeiro.com.br\/index.php\/wp-json\/wp\/v2\/posts\/990\/revisions"}],"predecessor-version":[{"id":37394,"href":"https:\/\/sindenfermeiro.com.br\/index.php\/wp-json\/wp\/v2\/posts\/990\/revisions\/37394"}],"wp:attachment":[{"href":"https:\/\/sindenfermeiro.com.br\/index.php\/wp-json\/wp\/v2\/media?parent=990"}],"wp:term":[{"taxonomy":"category","embeddable":true,"href":"https:\/\/sindenfermeiro.com.br\/index.php\/wp-json\/wp\/v2\/categories?post=990"},{"taxonomy":"post_tag","embeddable":true,"href":"https:\/\/sindenfermeiro.com.br\/index.php\/wp-json\/wp\/v2\/tags?post=990"}],"curies":[{"name":"wp","href":"https:\/\/api.w.org\/{rel}","templated":true}]}}