{"id":989,"date":"2017-03-22T18:45:28","date_gmt":"2017-03-22T18:45:28","guid":{"rendered":"http:\/\/www.sindenfermeiro.com.br\/?p=989"},"modified":"2026-04-29T09:17:54","modified_gmt":"2026-04-29T12:17:54","slug":"989","status":"publish","type":"post","link":"https:\/\/sindenfermeiro.com.br\/index.php\/2017\/03\/22\/989\/","title":{"rendered":"Inscri\u00e7\u00f5es abertas para o semin\u00e1rio \u201cEntendendo as Reformas Trabalhista e Previdenci\u00e1ria\u201d"},"content":{"rendered":"<p style=\"text-align: justify\">Est\u00e3o abertas as inscri\u00e7\u00f5es para o semin\u00e1rio \u201cEntendendo as Reformas Trabalhista e Previdenci\u00e1ria\u201d. O evento acontece dia 8 de abril (s\u00e1bado), na Confedera\u00e7\u00e3o Nacional dos Trabalhadores do Com\u00e9rcio, a partir 8h30. As inscri\u00e7\u00f5es s\u00e3o gratuitas.<\/p>\n<p>Saiba\u00a0o que acontecer\u00e1 com a sua aposentadoria, ao longo dos pr\u00f3ximos anos, caso a\u00a0reforma da previd\u00eancia seja aprovado como foi apresentada pelo Governo.<\/p>\n<p>N\u00e3o podemos permitir a aprova\u00e7\u00e3o de um\u00a0projeto que\u00a0furta os direitos do trabalhador. Isso n\u00e3o \u00e9 reforma.<\/p>\n<p>O semin\u00e1rio \u00e9 uma realiza\u00e7\u00e3o do Sindicato dos Enfermeiros do Distrito Federal (SindEnfermeiro-DF), com apoio da Frente \u00danica de Enfermagem &#8211; formada pelo SindEnfermeiro, Conselho Regional de Enfermagem (Coren) e Aben (Associa\u00e7\u00e3o Brasileira de Enfermagem) &#8211; e da Confedera\u00e7\u00e3o Nacional dos Profissionais Liberais (CNPL).<\/p>\n<p><img loading=\"lazy\" decoding=\"async\" class=\"size-medium wp-image-988 aligncenter\" src=\"http:\/\/www.sindenfermeiro.com.br\/wp-content\/uploads\/2017\/03\/cartaz-mod3-SEMINARIO-636x900.jpg\" alt=\"cartaz-mod3-SEMINARIO\" width=\"636\" height=\"900\" \/><\/p>\n<p>&nbsp;<\/p>\n<p><strong>PROGRAMA\u00c7\u00c3O<\/strong><\/p>\n<p>8h30 &#8211; Abertura<\/p>\n<p>9h &#8211; Palestra: A Reforma Trabalhista<\/p>\n<p>Palestrante: Dra. Zilmara Alencar<\/p>\n<p>Ex-Secret\u00e1ria de Rela\u00e7\u00f5es do Trabalho do Minist\u00e9rio do Trabalho e Emprego (MTE), ex-coordenadora geral de Registro Sindical do MTE, Advogada Especialista em direito coletivo do trabalho e negocia\u00e7\u00e3o coletiva no setor p\u00fablico, Consultora do Departamento Intersindical de Assessoria Parlamentar (DIAP) e Consultora jur\u00eddica de centrais sindicais e confedera\u00e7\u00f5es.<\/p>\n<p>10h30 &#8211; Intervalo<\/p>\n<p>10h45 &#8211; In\u00edcio dos debates<\/p>\n<p>12h &#8211; Almo\u00e7o<\/p>\n<p>13h &#8211; Palestra: A Reforma Previdenci\u00e1ria<\/p>\n<p>Palestrante: Dr. Andr\u00e9 Santos<\/p>\n<p>Jornalista, publicit\u00e1rio, Especialista em Pol\u00edtica e Representa\u00e7\u00e3o Parlamentar, Analista Pol\u00edtico do Departamento Intersindical de Assessoria Parlamentar (DIAP).<\/p>\n<p>14h &#8211; In\u00edcio dos debates<\/p>\n<p>15h &#8211; Apresenta\u00e7\u00e3o da campanha contra a reforma da previd\u00eancia &#8211; Liga da Previd\u00eancia<\/p>\n<p>16h &#8211; Encerramento e\u00a0Coffe Break<\/p>\n<p>&nbsp;<\/p>\n<p><strong>ENTENDENDO AS REFORMAS TRABALHISTA E PREVIDENCI\u00c1RIA<\/strong><\/p>\n<p><strong>Data:<\/strong> 8 de Abril (s\u00e1bado)<\/p>\n<p><strong>Hor\u00e1rio:<\/strong> 8h30 \u00e0s 16h<\/p>\n<p><strong>Local:<\/strong> Confedera\u00e7\u00e3o Nacional dos Trabalhadores do Com\u00e9rcio (902 sul)<\/p>\n<p><strong>Inscri\u00e7\u00f5es pelo email:<\/strong> eventosindenfermeirosdf@gmail.com<\/p>\n<p><strong>Contato\/Whatsapp:<\/strong> 9 9273-4692<\/p>\n<p>&nbsp;<\/p>\n","protected":false},"excerpt":{"rendered":"<p>Est\u00e3o abertas as inscri\u00e7\u00f5es para o semin\u00e1rio \u201cEntendendo as Reformas Trabalhista e Previdenci\u00e1ria\u201d. O evento acontece dia 8 de abril (s\u00e1bado), na Confedera\u00e7\u00e3o Nacional dos Trabalhadores do Com\u00e9rcio, a partir 8h30. As inscri\u00e7\u00f5es s\u00e3o gratuitas. Saiba\u00a0o que acontecer\u00e1 com a sua aposentadoria, ao longo dos pr\u00f3ximos anos, caso a\u00a0reforma da previd\u00eancia seja aprovado como foi [&hellip;]<\/p>\n","protected":false},"author":6,"featured_media":988,"comment_status":"closed","ping_status":"closed","sticky":false,"template":"","format":"standard","meta":{"footnotes":""},"categories":[15,6,16,2],"tags":[],"class_list":["post-989","post","type-post","status-publish","format-standard","has-post-thumbnail","hentry","category-agenda","category-noticias","category-processos","category-teste"],"_links":{"self":[{"href":"https:\/\/sindenfermeiro.com.br\/index.php\/wp-json\/wp\/v2\/posts\/989","targetHints":{"allow":["GET"]}}],"collection":[{"href":"https:\/\/sindenfermeiro.com.br\/index.php\/wp-json\/wp\/v2\/posts"}],"about":[{"href":"https:\/\/sindenfermeiro.com.br\/index.php\/wp-json\/wp\/v2\/types\/post"}],"author":[{"embeddable":true,"href":"https:\/\/sindenfermeiro.com.br\/index.php\/wp-json\/wp\/v2\/users\/6"}],"replies":[{"embeddable":true,"href":"https:\/\/sindenfermeiro.com.br\/index.php\/wp-json\/wp\/v2\/comments?post=989"}],"version-history":[{"count":1,"href":"https:\/\/sindenfermeiro.com.br\/index.php\/wp-json\/wp\/v2\/posts\/989\/revisions"}],"predecessor-version":[{"id":29409,"href":"https:\/\/sindenfermeiro.com.br\/index.php\/wp-json\/wp\/v2\/posts\/989\/revisions\/29409"}],"wp:featuredmedia":[{"embeddable":true,"href":"https:\/\/sindenfermeiro.com.br\/index.php\/wp-json\/"}],"wp:attachment":[{"href":"https:\/\/sindenfermeiro.com.br\/index.php\/wp-json\/wp\/v2\/media?parent=989"}],"wp:term":[{"taxonomy":"category","embeddable":true,"href":"https:\/\/sindenfermeiro.com.br\/index.php\/wp-json\/wp\/v2\/categories?post=989"},{"taxonomy":"post_tag","embeddable":true,"href":"https:\/\/sindenfermeiro.com.br\/index.php\/wp-json\/wp\/v2\/tags?post=989"}],"curies":[{"name":"wp","href":"https:\/\/api.w.org\/{rel}","templated":true}]}}