{"id":981,"date":"2017-03-21T18:03:06","date_gmt":"2017-03-21T18:03:06","guid":{"rendered":"http:\/\/www.sindenfermeiro.com.br\/?p=981"},"modified":"2026-05-01T05:44:17","modified_gmt":"2026-05-01T08:44:17","slug":"em-audiencia-publica-populacao-do-nucleo-bandeirante-reivindica-reestabelecimento-de-emergencia-no-posto-de-saude","status":"publish","type":"post","link":"https:\/\/sindenfermeiro.com.br\/index.php\/2017\/03\/21\/em-audiencia-publica-populacao-do-nucleo-bandeirante-reivindica-reestabelecimento-de-emergencia-no-posto-de-saude\/","title":{"rendered":"Em audi\u00eancia p\u00fablica, popula\u00e7\u00e3o do N\u00facleo Bandeirante reivindica reestabelecimento de emerg\u00eancia no posto de sa\u00fade"},"content":{"rendered":"<p style=\"text-align: justify\">Na manh\u00e3 dessa ter\u00e7a (21), o Sindicato dos Enfermeiros do Distrito Federal (SindEnfermeiro-DF) participou de audi\u00eancia p\u00fablica sobre o fechamento do Servi\u00e7o de Pronto Atendimento do N\u00facleo Bandeirante. A popula\u00e7\u00e3o reivindica que o servi\u00e7o seja reestabelecido, mesmo durante a reformula\u00e7\u00e3o da Aten\u00e7\u00e3o Prim\u00e1ria \u00e0 Sa\u00fade.<\/p>\n<p style=\"text-align: justify\">Jorge Henrique, diretor do SindEnfermeiro chamou a aten\u00e7\u00e3o para a aus\u00eancia do controle e do monitoramento social, na Sa\u00fade, por parte do Governo do Distrito Federal (GDF). \u201cAqui, nessa audi\u00eancia, est\u00e1 se fazendo valer o controle social que, formalmente, n\u00e3o \u00e9 realizado e estimulado pelo Governo. Se hoje h\u00e1 o embate entre a popula\u00e7\u00e3o &#8211; que quer manter um servi\u00e7o de sa\u00fade &#8211; e o Governo, \u00e9 porque o controle social n\u00e3o se faz valer atualmente no Distrito Federal\u201d disse Jorge.<\/p>\n<p style=\"text-align: justify\">O representante do sindicato complementou refor\u00e7ando que o SindEnfermeiro \u00e9 a favor da reformula\u00e7\u00e3o da Aten\u00e7\u00e3o B\u00e1sica, mas \u00e9 contra a retirada arbitr\u00e1ria de servi\u00e7os de emerg\u00eancia, durante o processo de transi\u00e7\u00e3o do modelo de sa\u00fade tradicional para o de Estrat\u00e9gia em Sa\u00fade da Fam\u00edlia (ESF). \u201cN\u00f3s n\u00e3o negamos o projeto de reestrutura\u00e7\u00e3o da Aten\u00e7\u00e3o B\u00e1sica. Mas a discuss\u00e3o da reestrutura\u00e7\u00e3o &#8211; que \u00e9 importante &#8211; n\u00e3o pode estar deslocada do debate sobre a manuten\u00e7\u00e3o dos servi\u00e7os\u201d explicou Jorge Henrique.<\/p>\n<p style=\"text-align: justify\">\n<div id=\"attachment_984\" style=\"width: 367px\" class=\"wp-caption aligncenter\"><img loading=\"lazy\" decoding=\"async\" aria-describedby=\"caption-attachment-984\" class=\" wp-image-984\" src=\"http:\/\/www.sindenfermeiro.com.br\/wp-content\/uploads\/2017\/03\/IMG_8656.jpg\" alt=\"Jorge, diretor do SindEnfermeiro, durante audi\u00eancia p\u00fablica, no N\u00facleo Bandeirante\" width=\"357\" height=\"238\" \/><p id=\"caption-attachment-984\" class=\"wp-caption-text\"><em>Jorge, diretor do SindEnfermeiro, durante audi\u00eancia p\u00fablica, no N\u00facleo Bandeirante<\/em><\/p><\/div>\n<p style=\"text-align: justify\">Moradores do N\u00facleo Bandeirante e de regi\u00f5es pr\u00f3ximas \u00e0 cidade solicitam que o servi\u00e7o \u2013 que alegam estar fechado desde novembro de 2016 \u2013 seja reestabelecido paralelamente \u00e0 reformula\u00e7\u00e3o da Aten\u00e7\u00e3o Prim\u00e1ria. N\u00f3s queremos que mantenham o servi\u00e7o do jeito que est\u00e1 e implemente a estrat\u00e9gia sa\u00fade da fam\u00edlia. Deus ajude que d\u00ea certo. Mas que se mantenha a estrutura que n\u00f3s t\u00ednhamos\u201d, disse Jo\u00e3o Hermeto, l\u00edder comunit\u00e1rio da regi\u00e3o.<\/p>\n<p style=\"text-align: justify\">Marcos Quito, coordenador de Aten\u00e7\u00e3o Prim\u00e1ria \u00e0 Sa\u00fade, afirmou que \u2013 a princ\u00edpio &#8211; o hor\u00e1rio estendido de 23h at\u00e9 as 7h \u201cn\u00e3o vai mais funcionar na unidade\u201d do N\u00facleo Bandeirante. O que gerou protestou das pessoas que participavam da audi\u00eancia. De acordo com Quito, a Secretaria de Sa\u00fade tem \u201cinforma\u00e7\u00f5es\u201d que mostram a falta de produtividade, na unidade de sa\u00fade, durante o per\u00edodo noturno.<\/p>\n<p style=\"text-align: justify\">Por fim, Quito assumiu o compromisso de debater o reestabelecimento do servi\u00e7o com a popula\u00e7\u00e3o da cidade. \u201cEst\u00e1 em curso a formata\u00e7\u00e3o do plano de a\u00e7\u00e3o da regi\u00e3o centro-sul. Se tiver elementos pra gente abrir o pronto atendimento, vamos discutir. Mas se n\u00e3o tiver elementos, tamb\u00e9m vamos debater\u201d, disse<\/p>\n<p style=\"text-align: justify\">A audi\u00eancia foi proposta pelos deputados distritais Wasny de Roure (PT) e Ricardo Vale (PT). Tamb\u00e9m estiveram presentes o administrador do N\u00facleo Bandeirante, Rossevelt Vilela, a presidente do Conselho de Sa\u00fade da cidade, Maura L\u00facia e outras entidades sindicais da sa\u00fade do Distrito Federal.<\/p>\n<div id=\"attachment_983\" style=\"width: 427px\" class=\"wp-caption aligncenter\"><img loading=\"lazy\" decoding=\"async\" aria-describedby=\"caption-attachment-983\" class=\" wp-image-983\" src=\"http:\/\/www.sindenfermeiro.com.br\/wp-content\/uploads\/2017\/03\/IMG_8637.jpg\" alt=\"Audi\u00eancia P\u00fablica realizada nessa ter\u00e7a (21), no N\u00facleo Bandeirante\" width=\"417\" height=\"278\" \/><p id=\"caption-attachment-983\" class=\"wp-caption-text\"><em>Audi\u00eancia P\u00fablica realizada nessa ter\u00e7a (21), no N\u00facleo Bandeirante<\/em><\/p><\/div>\n<p>&nbsp;<\/p>\n","protected":false},"excerpt":{"rendered":"<p>Na manh\u00e3 dessa ter\u00e7a (21), o Sindicato dos Enfermeiros do Distrito Federal (SindEnfermeiro-DF) participou de audi\u00eancia p\u00fablica sobre o fechamento do Servi\u00e7o de Pronto Atendimento do N\u00facleo Bandeirante. A popula\u00e7\u00e3o reivindica que o servi\u00e7o seja reestabelecido, mesmo durante a reformula\u00e7\u00e3o da Aten\u00e7\u00e3o Prim\u00e1ria \u00e0 Sa\u00fade. Jorge Henrique, diretor do SindEnfermeiro chamou a aten\u00e7\u00e3o para a [&hellip;]<\/p>\n","protected":false},"author":6,"featured_media":983,"comment_status":"closed","ping_status":"closed","sticky":false,"template":"","format":"standard","meta":{"footnotes":""},"categories":[6,2],"tags":[],"class_list":["post-981","post","type-post","status-publish","format-standard","has-post-thumbnail","hentry","category-noticias","category-teste"],"_links":{"self":[{"href":"https:\/\/sindenfermeiro.com.br\/index.php\/wp-json\/wp\/v2\/posts\/981","targetHints":{"allow":["GET"]}}],"collection":[{"href":"https:\/\/sindenfermeiro.com.br\/index.php\/wp-json\/wp\/v2\/posts"}],"about":[{"href":"https:\/\/sindenfermeiro.com.br\/index.php\/wp-json\/wp\/v2\/types\/post"}],"author":[{"embeddable":true,"href":"https:\/\/sindenfermeiro.com.br\/index.php\/wp-json\/wp\/v2\/users\/6"}],"replies":[{"embeddable":true,"href":"https:\/\/sindenfermeiro.com.br\/index.php\/wp-json\/wp\/v2\/comments?post=981"}],"version-history":[{"count":1,"href":"https:\/\/sindenfermeiro.com.br\/index.php\/wp-json\/wp\/v2\/posts\/981\/revisions"}],"predecessor-version":[{"id":36824,"href":"https:\/\/sindenfermeiro.com.br\/index.php\/wp-json\/wp\/v2\/posts\/981\/revisions\/36824"}],"wp:featuredmedia":[{"embeddable":true,"href":"https:\/\/sindenfermeiro.com.br\/index.php\/wp-json\/"}],"wp:attachment":[{"href":"https:\/\/sindenfermeiro.com.br\/index.php\/wp-json\/wp\/v2\/media?parent=981"}],"wp:term":[{"taxonomy":"category","embeddable":true,"href":"https:\/\/sindenfermeiro.com.br\/index.php\/wp-json\/wp\/v2\/categories?post=981"},{"taxonomy":"post_tag","embeddable":true,"href":"https:\/\/sindenfermeiro.com.br\/index.php\/wp-json\/wp\/v2\/tags?post=981"}],"curies":[{"name":"wp","href":"https:\/\/api.w.org\/{rel}","templated":true}]}}