{"id":973,"date":"2017-03-18T19:25:37","date_gmt":"2017-03-18T19:25:37","guid":{"rendered":"http:\/\/www.sindenfermeiro.com.br\/?p=973"},"modified":"2026-04-29T09:22:38","modified_gmt":"2026-04-29T12:22:38","slug":"sindenfermeiro-defende-impacto-das-especializacoes-na-assistencia","status":"publish","type":"post","link":"https:\/\/sindenfermeiro.com.br\/index.php\/2017\/03\/18\/sindenfermeiro-defende-impacto-das-especializacoes-na-assistencia\/","title":{"rendered":"SindEnfermeiro defende impacto das especializa\u00e7\u00f5es para assist\u00eancia"},"content":{"rendered":"<p style=\"text-align: justify\"><em><strong>Sindicato defende que cursos de aprimoramento s\u00e3o indispens\u00e1veis para a melhoria da Sa\u00fade no DF<\/strong><\/em><\/p>\n<p style=\"text-align: justify\">Em reuni\u00e3o realizada, na \u00faltima quinta (16) com os secret\u00e1rios da Casa Civil, S\u00e9rgio Sampaio, da Sa\u00fade, Humberto Fonseca e a procuradora-geral do DF, Paola Aires, o SindEnfermeiro solicitou que cursos de mesma natureza sejam cumulativos, no que se refere ao recebimento da Gratifica\u00e7\u00e3o por Titula\u00e7\u00e3o (GTIT). No entendimento do sindicato, na pr\u00e1tica, o impacto assistencial de uma especializa\u00e7\u00e3o \u00e9 maior do que o de um doutorado.<\/p>\n<p style=\"text-align: justify\">\u201cSem desmerecer, de forma alguma, a pessoa que \u00e9 doutora. Mas o impacto assistencial, para quem est\u00e1 l\u00e1 na ponta, \u00e9 maior. A especializa\u00e7\u00e3o aprimora a pr\u00e1tica. N\u00e3o existe doutorado para atendimento de urg\u00eancia a trauma, por exemplo. Com uma especializa\u00e7\u00e3o, voc\u00ea tem muito mais capacidade de melhorar a assist\u00eancia, no dia-a-dia\u201d, explica Tarcisio Faria, diretor do SindEnfermeiro. Ainda de acordo com Tarcisio, o SindEnfermeiro e seu departamento jur\u00eddico procuram alternativas, junto \u00e0 C\u00e2mara Legislativa e \u00e0 Justi\u00e7a do DF, para que a cumulatividade dos cursos de especializa\u00e7\u00f5es seja permitida.<\/p>\n<p style=\"text-align: justify\">Outra sugest\u00e3o feita pelo SindEnfermeiro \u00e9 que os cursos de aprimoramento tenham um prazo de validade. Assim, a cada vencimento, que poderia ser de 3 em 3 anos, o profissional deve renovar seu a especializa\u00e7\u00e3o (referente a 8%) para manter, assim, a gratifica\u00e7\u00e3o de 30%. No entendimento do sindicato, essa medida estimula, inclusive, que a gratifica\u00e7\u00e3o seja revertida na qualifica\u00e7\u00e3o do servidor. O que tamb\u00e9m aumentaria a qualidade e o impacto assistencial.<\/p>\n<div id=\"attachment_972\" style=\"width: 360px\" class=\"wp-caption aligncenter\"><img loading=\"lazy\" decoding=\"async\" aria-describedby=\"caption-attachment-972\" class=\" wp-image-972\" src=\"http:\/\/www.sindenfermeiro.com.br\/wp-content\/uploads\/2017\/03\/IMG_8532.png\" alt=\"Reuni\u00e3o realizada na \u00faltima quinta (16), na Casa Civil\" width=\"350\" height=\"350\" \/><p id=\"caption-attachment-972\" class=\"wp-caption-text\"><em>Reuni\u00e3o realizada na \u00faltima quinta (16), na Casa Civil<\/em><\/p><\/div>\n<p style=\"text-align: justify\"><strong>Prazo para o recadastramento<\/strong><\/p>\n<p style=\"text-align: justify\">Trabalhadores solicitam que o prazo de validade para o recadastramento de t\u00edtulos estabelecido pela Portaria 94 seja contado a partir de sua publica\u00e7\u00e3o (em fevereiro de 2017), e n\u00e3o a partir do parecer n\u00ba 182\/2016 da Procuradoria-Geral do Distrito Federal (PGDF).<\/p>\n<p style=\"text-align: justify\"><strong>Prazo para entrega do certificado de especializa\u00e7\u00e3o<\/strong><\/p>\n<p style=\"text-align: justify\">Ficou acordado que o servidor poder\u00e1 apresentar declara\u00e7\u00e3o de curso e hist\u00f3rico, tendo o prazo de at\u00e9 1 ano para entregar o diploma, na Secretaria de Sa\u00fade.<\/p>\n<p style=\"text-align: justify\"><strong>Negocia\u00e7\u00f5es<\/strong><\/p>\n<p style=\"text-align: justify\">As negocia\u00e7\u00f5es para que servidores n\u00e3o percam direitos, em consequ\u00eancia da Portaria 94\/2017, continuam. O Sindicato dos Enfermeiros re\u00fane-se, constantemente, com representantes do Governo do Distrito Federal (GDF) e da C\u00e2mara Legislativa, em busca de alternativas que adequem as medidas do Executivo \u00e0s propostas da classe trabalhadora.<\/p>\n","protected":false},"excerpt":{"rendered":"<p>Sindicato defende que cursos de aprimoramento s\u00e3o indispens\u00e1veis para a melhoria da Sa\u00fade no DF Em reuni\u00e3o realizada, na \u00faltima quinta (16) com os secret\u00e1rios da Casa Civil, S\u00e9rgio Sampaio, da Sa\u00fade, Humberto Fonseca e a procuradora-geral do DF, Paola Aires, o SindEnfermeiro solicitou que cursos de mesma natureza sejam cumulativos, no que se refere [&hellip;]<\/p>\n","protected":false},"author":6,"featured_media":972,"comment_status":"closed","ping_status":"closed","sticky":false,"template":"","format":"standard","meta":{"footnotes":""},"categories":[6,2],"tags":[],"class_list":["post-973","post","type-post","status-publish","format-standard","has-post-thumbnail","hentry","category-noticias","category-teste"],"_links":{"self":[{"href":"https:\/\/sindenfermeiro.com.br\/index.php\/wp-json\/wp\/v2\/posts\/973","targetHints":{"allow":["GET"]}}],"collection":[{"href":"https:\/\/sindenfermeiro.com.br\/index.php\/wp-json\/wp\/v2\/posts"}],"about":[{"href":"https:\/\/sindenfermeiro.com.br\/index.php\/wp-json\/wp\/v2\/types\/post"}],"author":[{"embeddable":true,"href":"https:\/\/sindenfermeiro.com.br\/index.php\/wp-json\/wp\/v2\/users\/6"}],"replies":[{"embeddable":true,"href":"https:\/\/sindenfermeiro.com.br\/index.php\/wp-json\/wp\/v2\/comments?post=973"}],"version-history":[{"count":1,"href":"https:\/\/sindenfermeiro.com.br\/index.php\/wp-json\/wp\/v2\/posts\/973\/revisions"}],"predecessor-version":[{"id":37393,"href":"https:\/\/sindenfermeiro.com.br\/index.php\/wp-json\/wp\/v2\/posts\/973\/revisions\/37393"}],"wp:featuredmedia":[{"embeddable":true,"href":"https:\/\/sindenfermeiro.com.br\/index.php\/wp-json\/"}],"wp:attachment":[{"href":"https:\/\/sindenfermeiro.com.br\/index.php\/wp-json\/wp\/v2\/media?parent=973"}],"wp:term":[{"taxonomy":"category","embeddable":true,"href":"https:\/\/sindenfermeiro.com.br\/index.php\/wp-json\/wp\/v2\/categories?post=973"},{"taxonomy":"post_tag","embeddable":true,"href":"https:\/\/sindenfermeiro.com.br\/index.php\/wp-json\/wp\/v2\/tags?post=973"}],"curies":[{"name":"wp","href":"https:\/\/api.w.org\/{rel}","templated":true}]}}