{"id":969,"date":"2017-03-17T23:36:49","date_gmt":"2017-03-17T23:36:49","guid":{"rendered":"http:\/\/www.sindenfermeiro.com.br\/?p=969"},"modified":"2026-04-29T09:19:11","modified_gmt":"2026-04-29T12:19:11","slug":"bate-papo-sobre-o-instituto-no-hbdf","status":"publish","type":"post","link":"https:\/\/sindenfermeiro.com.br\/index.php\/2017\/03\/17\/bate-papo-sobre-o-instituto-no-hbdf\/","title":{"rendered":"Bate Papo sobre o Instituto no HBDF"},"content":{"rendered":"<p>Aten\u00e7\u00e3o Enfermeiros do Hospital de Base,<\/p>\n<p>Nesta ter\u00e7a (21), estaremos no HBDF para um bate papo sobre o projeto de lei de cria\u00e7\u00e3o do Instituto. Aguardamos todos voc\u00eas no hall do 12\u00ba andar \u00e0s 16h.<\/p>\n<p>Participe!<\/p>\n<p>Unindo for\u00e7as fazemos um Sindicato ainda mais ativo e bem mais forte.<\/p>\n<p><img loading=\"lazy\" decoding=\"async\" class=\"alignnone size-medium wp-image-968\" src=\"http:\/\/www.sindenfermeiro.com.br\/wp-content\/uploads\/2016\/12\/wenface_sindenfermeiro4-900x900.png\" alt=\"wenface_sindenfermeiro4\" width=\"900\" height=\"900\" \/><\/p>\n","protected":false},"excerpt":{"rendered":"<p>Aten\u00e7\u00e3o Enfermeiros do Hospital de Base, Nesta ter\u00e7a (21), estaremos no HBDF para um bate papo sobre o projeto de lei de cria\u00e7\u00e3o do Instituto. Aguardamos todos voc\u00eas no hall do 12\u00ba andar \u00e0s 16h. Participe! Unindo for\u00e7as fazemos um Sindicato ainda mais ativo e bem mais forte.<\/p>\n","protected":false},"author":6,"featured_media":968,"comment_status":"closed","ping_status":"closed","sticky":false,"template":"","format":"standard","meta":{"footnotes":""},"categories":[6,2],"tags":[],"class_list":["post-969","post","type-post","status-publish","format-standard","has-post-thumbnail","hentry","category-noticias","category-teste"],"_links":{"self":[{"href":"https:\/\/sindenfermeiro.com.br\/index.php\/wp-json\/wp\/v2\/posts\/969","targetHints":{"allow":["GET"]}}],"collection":[{"href":"https:\/\/sindenfermeiro.com.br\/index.php\/wp-json\/wp\/v2\/posts"}],"about":[{"href":"https:\/\/sindenfermeiro.com.br\/index.php\/wp-json\/wp\/v2\/types\/post"}],"author":[{"embeddable":true,"href":"https:\/\/sindenfermeiro.com.br\/index.php\/wp-json\/wp\/v2\/users\/6"}],"replies":[{"embeddable":true,"href":"https:\/\/sindenfermeiro.com.br\/index.php\/wp-json\/wp\/v2\/comments?post=969"}],"version-history":[{"count":1,"href":"https:\/\/sindenfermeiro.com.br\/index.php\/wp-json\/wp\/v2\/posts\/969\/revisions"}],"predecessor-version":[{"id":37154,"href":"https:\/\/sindenfermeiro.com.br\/index.php\/wp-json\/wp\/v2\/posts\/969\/revisions\/37154"}],"wp:featuredmedia":[{"embeddable":true,"href":"https:\/\/sindenfermeiro.com.br\/index.php\/wp-json\/"}],"wp:attachment":[{"href":"https:\/\/sindenfermeiro.com.br\/index.php\/wp-json\/wp\/v2\/media?parent=969"}],"wp:term":[{"taxonomy":"category","embeddable":true,"href":"https:\/\/sindenfermeiro.com.br\/index.php\/wp-json\/wp\/v2\/categories?post=969"},{"taxonomy":"post_tag","embeddable":true,"href":"https:\/\/sindenfermeiro.com.br\/index.php\/wp-json\/wp\/v2\/tags?post=969"}],"curies":[{"name":"wp","href":"https:\/\/api.w.org\/{rel}","templated":true}]}}