{"id":955,"date":"2017-03-17T16:49:23","date_gmt":"2017-03-17T16:49:23","guid":{"rendered":"http:\/\/www.sindenfermeiro.com.br\/?p=955"},"modified":"2026-04-29T09:21:11","modified_gmt":"2026-04-29T12:21:11","slug":"convocacao-para-audiencia-publica-sobre-o-instituto-hospital-de-base","status":"publish","type":"post","link":"https:\/\/sindenfermeiro.com.br\/index.php\/2017\/03\/17\/convocacao-para-audiencia-publica-sobre-o-instituto-hospital-de-base\/","title":{"rendered":"Convoca\u00e7\u00e3o para audi\u00eancia p\u00fablica sobre o Instituto Hospital de Base"},"content":{"rendered":"<p style=\"text-align: justify\">O SindEnfermeiro convoca voc\u00ea, enfermeiro e enfermeira a participar de audi\u00eancia p\u00fablica, na C\u00e2mara Legislativa, sobre a poss\u00edvel transforma\u00e7\u00e3o do Hospital de Base em instituto. A audi\u00eancia come\u00e7a \u00e0s 10h.<\/p>\n<p style=\"text-align: justify\">O Sindicato dos Enfermeiros\u00a0estar\u00e1 presente e conta com a sua for\u00e7a para lutarmos pelo bem da Sa\u00fade, do cidad\u00e3o e do servidor do Distrito Federal.<\/p>\n<p style=\"text-align: justify\">Juntos Somos Mais Fortes!<\/p>\n<p style=\"text-align: justify\"><img loading=\"lazy\" decoding=\"async\" class=\"alignnone size-medium wp-image-956\" src=\"http:\/\/www.sindenfermeiro.com.br\/wp-content\/uploads\/2017\/03\/wenface_sindenfermeiro3-900x900.png\" alt=\"wenface_sindenfermeiro3\" width=\"900\" height=\"900\" \/><\/p>\n","protected":false},"excerpt":{"rendered":"<p>O SindEnfermeiro convoca voc\u00ea, enfermeiro e enfermeira a participar de audi\u00eancia p\u00fablica, na C\u00e2mara Legislativa, sobre a poss\u00edvel transforma\u00e7\u00e3o do Hospital de Base em instituto. A audi\u00eancia come\u00e7a \u00e0s 10h. O Sindicato dos Enfermeiros\u00a0estar\u00e1 presente e conta com a sua for\u00e7a para lutarmos pelo bem da Sa\u00fade, do cidad\u00e3o e do servidor do Distrito Federal. [&hellip;]<\/p>\n","protected":false},"author":6,"featured_media":0,"comment_status":"closed","ping_status":"closed","sticky":false,"template":"","format":"standard","meta":{"footnotes":""},"categories":[6,2],"tags":[],"class_list":["post-955","post","type-post","status-publish","format-standard","hentry","category-noticias","category-teste"],"_links":{"self":[{"href":"https:\/\/sindenfermeiro.com.br\/index.php\/wp-json\/wp\/v2\/posts\/955","targetHints":{"allow":["GET"]}}],"collection":[{"href":"https:\/\/sindenfermeiro.com.br\/index.php\/wp-json\/wp\/v2\/posts"}],"about":[{"href":"https:\/\/sindenfermeiro.com.br\/index.php\/wp-json\/wp\/v2\/types\/post"}],"author":[{"embeddable":true,"href":"https:\/\/sindenfermeiro.com.br\/index.php\/wp-json\/wp\/v2\/users\/6"}],"replies":[{"embeddable":true,"href":"https:\/\/sindenfermeiro.com.br\/index.php\/wp-json\/wp\/v2\/comments?post=955"}],"version-history":[{"count":1,"href":"https:\/\/sindenfermeiro.com.br\/index.php\/wp-json\/wp\/v2\/posts\/955\/revisions"}],"predecessor-version":[{"id":36965,"href":"https:\/\/sindenfermeiro.com.br\/index.php\/wp-json\/wp\/v2\/posts\/955\/revisions\/36965"}],"wp:attachment":[{"href":"https:\/\/sindenfermeiro.com.br\/index.php\/wp-json\/wp\/v2\/media?parent=955"}],"wp:term":[{"taxonomy":"category","embeddable":true,"href":"https:\/\/sindenfermeiro.com.br\/index.php\/wp-json\/wp\/v2\/categories?post=955"},{"taxonomy":"post_tag","embeddable":true,"href":"https:\/\/sindenfermeiro.com.br\/index.php\/wp-json\/wp\/v2\/tags?post=955"}],"curies":[{"name":"wp","href":"https:\/\/api.w.org\/{rel}","templated":true}]}}