{"id":951,"date":"2017-03-17T00:01:18","date_gmt":"2017-03-17T00:01:18","guid":{"rendered":"http:\/\/www.sindenfermeiro.com.br\/?p=951"},"modified":"2026-04-29T09:22:10","modified_gmt":"2026-04-29T12:22:10","slug":"gcet-sera-mantido-para-profissionais-das-equipes-de-transicao-da-atencao-primaria","status":"publish","type":"post","link":"https:\/\/sindenfermeiro.com.br\/index.php\/2017\/03\/17\/gcet-sera-mantido-para-profissionais-das-equipes-de-transicao-da-atencao-primaria\/","title":{"rendered":"GCET ser\u00e1 mantido para profissionais das equipes de transi\u00e7\u00e3o da Aten\u00e7\u00e3o Prim\u00e1ria"},"content":{"rendered":"<p>Em reuni\u00e3o, realizada hoje (16), na Casa Civil, o secret\u00e1rio da Sa\u00fade, Humberto Fonseca garantiu a manuten\u00e7\u00e3o da Gratifica\u00e7\u00e3o por Condi\u00e7\u00f5es Especiais de Trabalho\u00a0(GCET) para servidores das equipes de transi\u00e7\u00e3o da reformula\u00e7\u00e3o da Aten\u00e7\u00e3o Prim\u00e1ria. O secret\u00e1rio da Casa Civil, S\u00e9rgio Sampaio tamb\u00e9m estava presente no encontro com representantes dos trabalhadores.<\/p>\n<p style=\"text-align: justify\">Desde que as Portarias 77 e 78 de 2017 foram publicadas, o Sindicato dos Enfermeiros se mobilizou pela garantia da gratifica\u00e7\u00e3o. O SindEnfermeiro protocolou documento, junto \u00e0 secretaria de sa\u00fade, argumentando que o recebimento da GCET \u00e9 direito leg\u00edtimo do servidor que opta por fazer parte das equipes de transi\u00e7\u00e3o. Reuni\u00f5es entre o sindicato e a Coordena\u00e7\u00e3o da Aten\u00e7\u00e3o Prim\u00e1ria \u00e0 Sa\u00fade (COAPS) tamb\u00e9m foram primordiais para a a vit\u00f3ria conquistada na tarde de hoje.<\/p>\n<div id=\"attachment_906\" style=\"width: 305px\" class=\"wp-caption aligncenter\"><img loading=\"lazy\" decoding=\"async\" aria-describedby=\"caption-attachment-906\" class=\"wp-image-906\" src=\"http:\/\/www.sindenfermeiro.com.br\/wp-content\/uploads\/2017\/03\/WhatsApp-Image-2017-03-10-at-11.19.01-2-506x900.jpeg\" alt=\"WhatsApp Image 2017-03-10 at 11.19.01\" width=\"295\" height=\"525\" \/><p id=\"caption-attachment-906\" class=\"wp-caption-text\"><em>Documento protocolado pelo SindEnfermeiro, solicitando, dentre outras medidas, a manuten\u00e7\u00e3o do GCET para as equipes de transi\u00e7\u00e3o<\/em><\/p><\/div>\n<div id=\"attachment_952\" style=\"width: 486px\" class=\"wp-caption aligncenter\"><img loading=\"lazy\" decoding=\"async\" aria-describedby=\"caption-attachment-952\" class=\" wp-image-952\" src=\"http:\/\/www.sindenfermeiro.com.br\/wp-content\/uploads\/2017\/03\/WhatsApp-Image-2017-03-16-at-18.13.40-900x675.jpeg\" alt=\"Reuni\u00e3o realizada nessa quinta (16), na Casa Civil\" width=\"476\" height=\"357\" \/><p id=\"caption-attachment-952\" class=\"wp-caption-text\"><em>Reuni\u00e3o realizada nessa quinta (16), na Casa Civil<\/em><\/p><\/div>\n","protected":false},"excerpt":{"rendered":"<p>Em reuni\u00e3o, realizada hoje (16), na Casa Civil, o secret\u00e1rio da Sa\u00fade, Humberto Fonseca garantiu a manuten\u00e7\u00e3o da Gratifica\u00e7\u00e3o por Condi\u00e7\u00f5es Especiais de Trabalho\u00a0(GCET) para servidores das equipes de transi\u00e7\u00e3o da reformula\u00e7\u00e3o da Aten\u00e7\u00e3o Prim\u00e1ria. O secret\u00e1rio da Casa Civil, S\u00e9rgio Sampaio tamb\u00e9m estava presente no encontro com representantes dos trabalhadores. Desde que as Portarias [&hellip;]<\/p>\n","protected":false},"author":6,"featured_media":952,"comment_status":"closed","ping_status":"closed","sticky":false,"template":"","format":"standard","meta":{"footnotes":""},"categories":[6,2],"tags":[],"class_list":["post-951","post","type-post","status-publish","format-standard","has-post-thumbnail","hentry","category-noticias","category-teste"],"_links":{"self":[{"href":"https:\/\/sindenfermeiro.com.br\/index.php\/wp-json\/wp\/v2\/posts\/951","targetHints":{"allow":["GET"]}}],"collection":[{"href":"https:\/\/sindenfermeiro.com.br\/index.php\/wp-json\/wp\/v2\/posts"}],"about":[{"href":"https:\/\/sindenfermeiro.com.br\/index.php\/wp-json\/wp\/v2\/types\/post"}],"author":[{"embeddable":true,"href":"https:\/\/sindenfermeiro.com.br\/index.php\/wp-json\/wp\/v2\/users\/6"}],"replies":[{"embeddable":true,"href":"https:\/\/sindenfermeiro.com.br\/index.php\/wp-json\/wp\/v2\/comments?post=951"}],"version-history":[{"count":1,"href":"https:\/\/sindenfermeiro.com.br\/index.php\/wp-json\/wp\/v2\/posts\/951\/revisions"}],"predecessor-version":[{"id":25797,"href":"https:\/\/sindenfermeiro.com.br\/index.php\/wp-json\/wp\/v2\/posts\/951\/revisions\/25797"}],"wp:featuredmedia":[{"embeddable":true,"href":"https:\/\/sindenfermeiro.com.br\/index.php\/wp-json\/"}],"wp:attachment":[{"href":"https:\/\/sindenfermeiro.com.br\/index.php\/wp-json\/wp\/v2\/media?parent=951"}],"wp:term":[{"taxonomy":"category","embeddable":true,"href":"https:\/\/sindenfermeiro.com.br\/index.php\/wp-json\/wp\/v2\/categories?post=951"},{"taxonomy":"post_tag","embeddable":true,"href":"https:\/\/sindenfermeiro.com.br\/index.php\/wp-json\/wp\/v2\/tags?post=951"}],"curies":[{"name":"wp","href":"https:\/\/api.w.org\/{rel}","templated":true}]}}