{"id":948,"date":"2017-03-15T19:55:14","date_gmt":"2017-03-15T19:55:14","guid":{"rendered":"http:\/\/www.sindenfermeiro.com.br\/?p=948"},"modified":"2026-04-29T09:18:59","modified_gmt":"2026-04-29T12:18:59","slug":"nota-de-esclarecimento","status":"publish","type":"post","link":"https:\/\/sindenfermeiro.com.br\/index.php\/2017\/03\/15\/nota-de-esclarecimento\/","title":{"rendered":"Nota de Esclarecimento"},"content":{"rendered":"<p>O Sindicato dos Enfermeiros do Distrito Federal (SindEnfermeiro-DF) vem a p\u00fablico esclarecer que n\u00e3o compactua com a edi\u00e7\u00e3o feita na fala da nossa presidente, Dayse Amarilio, em mat\u00e9ria veiculada na \u00faltima ter\u00e7a (14), pelo telejornal da Rede Globo, DFTV (2\u00aa\u00a0edi\u00e7\u00e3o).<\/p>\n<p>Ao abordar a not\u00edcia sobre a poss\u00edvel convers\u00e3o do Hospital de Base em instituto e veicular a entrevista dada por Dayse Amarilio a respeito do tema, o DFTV \u2013 sob a perspectiva de seus editores \u2013 alegou que \u201cos sindicatos de trabalhadores, como sempre, s\u00e3o contra\u201d as medidas adotadas pelo Governo do Distrito Federal para a Sa\u00fade.<\/p>\n<p>O sindicato esclarece e reafirma, mais uma vez, que sempre est\u00e1 \u00e0 disposi\u00e7\u00e3o da popula\u00e7\u00e3o, dos trabalhadores e dos gestores para contribuir nas iniciativas que trazem melhorias ao cidad\u00e3o e ao servidor do DF. O SindEnfermeiro luta e dialoga sempre \u00e0 procura da evolu\u00e7\u00e3o da assist\u00eancia prestada ao cidad\u00e3o e tamb\u00e9m das condi\u00e7\u00f5es de trabalho oferecidas aos servidores que \u2013 \u00e9 importante lembrar \u2013 cuidam com toda a dedica\u00e7\u00e3o e profissionalismo da popula\u00e7\u00e3o, mesmo nas circunst\u00e2ncias absolutamente inadequadas (oferecidas pela Secretaria de Sa\u00fade).<\/p>\n<p>A respeito da poss\u00edvel convers\u00e3o do Hospital de Base em instituto, o SindEnfermeiro acredita que a solu\u00e7\u00e3o passe antes por fatores como a descentraliza\u00e7\u00e3o administrativa e financeira de todas as superintend\u00eancias, para que todas as unidades tenham a autonomia\u00a0 proposta ao Hospital de Base.<\/p>\n<p>O SindEnfermeiro acredita que o instituto proposto para gerenciar o hospital, por si s\u00f3, n\u00e3o resolver\u00e1 os problemas das outras unidades e consequentemente, n\u00e3o solucionar\u00e1 as dificuldades encontradas na Sa\u00fade do Distrito Federal. O que, inclusive, contribuir\u00e1 para sobrecarregar o Hospital de Base e consolidar o colapso da Sa\u00fade.<\/p>\n<p>O sindicato tamb\u00e9m considera perigoso o fato de o conselho gestor do instituto n\u00e3o ser formado em condi\u00e7\u00e3o parit\u00e1ria, e de o hospital possuir profissionais trabalhando sob dois regimes de vincula\u00e7\u00e3o diferentes (concursados e celetistas). Nos posicionamos contra contra o preenchimento de vagas de emprego de maneira deliberada, sem respeitar crit\u00e9rios de meritocracia.<\/p>\n<p>No entanto, o sindicato se coloca \u00e0 disposi\u00e7\u00e3o, novamente, para contribuir e dialogar sobre o que for necess\u00e1rio para melhorar o atendimento ao cidad\u00e3o e as condi\u00e7\u00f5es de trabalho dos profissionais. N\u00f3s acreditamos que o espa\u00e7o para discuss\u00e3o deve ser com sociedade e trabalhadores deve ser respeitado sempre pelos gestores da Sa\u00fade no DF.<\/p>\n<p>Confira a mat\u00e9ria completa no link abaixo:<\/p>\n<p><iframe loading=\"lazy\" title=\"Nota de Esclarecimento - Mat\u00e9ria sobre a convers\u00e3o do Hospital de Base\" width=\"500\" height=\"281\" src=\"https:\/\/www.youtube.com\/embed\/lZEv5M3i9_I?feature=oembed\" frameborder=\"0\" allow=\"accelerometer; autoplay; clipboard-write; encrypted-media; gyroscope; picture-in-picture; web-share\" referrerpolicy=\"strict-origin-when-cross-origin\" allowfullscreen><\/iframe><\/p>\n","protected":false},"excerpt":{"rendered":"<p>O Sindicato dos Enfermeiros do Distrito Federal (SindEnfermeiro-DF) vem a p\u00fablico esclarecer que n\u00e3o compactua com a edi\u00e7\u00e3o feita na fala da nossa presidente, Dayse Amarilio, em mat\u00e9ria veiculada na \u00faltima ter\u00e7a (14), pelo telejornal da Rede Globo, DFTV (2\u00aa\u00a0edi\u00e7\u00e3o). Ao abordar a not\u00edcia sobre a poss\u00edvel convers\u00e3o do Hospital de Base em instituto e [&hellip;]<\/p>\n","protected":false},"author":6,"featured_media":0,"comment_status":"closed","ping_status":"closed","sticky":false,"template":"","format":"standard","meta":{"footnotes":""},"categories":[6,2],"tags":[],"class_list":["post-948","post","type-post","status-publish","format-standard","hentry","category-noticias","category-teste"],"_links":{"self":[{"href":"https:\/\/sindenfermeiro.com.br\/index.php\/wp-json\/wp\/v2\/posts\/948","targetHints":{"allow":["GET"]}}],"collection":[{"href":"https:\/\/sindenfermeiro.com.br\/index.php\/wp-json\/wp\/v2\/posts"}],"about":[{"href":"https:\/\/sindenfermeiro.com.br\/index.php\/wp-json\/wp\/v2\/types\/post"}],"author":[{"embeddable":true,"href":"https:\/\/sindenfermeiro.com.br\/index.php\/wp-json\/wp\/v2\/users\/6"}],"replies":[{"embeddable":true,"href":"https:\/\/sindenfermeiro.com.br\/index.php\/wp-json\/wp\/v2\/comments?post=948"}],"version-history":[{"count":1,"href":"https:\/\/sindenfermeiro.com.br\/index.php\/wp-json\/wp\/v2\/posts\/948\/revisions"}],"predecessor-version":[{"id":37411,"href":"https:\/\/sindenfermeiro.com.br\/index.php\/wp-json\/wp\/v2\/posts\/948\/revisions\/37411"}],"wp:attachment":[{"href":"https:\/\/sindenfermeiro.com.br\/index.php\/wp-json\/wp\/v2\/media?parent=948"}],"wp:term":[{"taxonomy":"category","embeddable":true,"href":"https:\/\/sindenfermeiro.com.br\/index.php\/wp-json\/wp\/v2\/categories?post=948"},{"taxonomy":"post_tag","embeddable":true,"href":"https:\/\/sindenfermeiro.com.br\/index.php\/wp-json\/wp\/v2\/tags?post=948"}],"curies":[{"name":"wp","href":"https:\/\/api.w.org\/{rel}","templated":true}]}}