{"id":9204,"date":"2019-08-09T19:03:43","date_gmt":"2019-08-09T19:03:43","guid":{"rendered":"http:\/\/www.sindenfermeiro.com.br\/?p=9204"},"modified":"2026-04-26T17:55:05","modified_gmt":"2026-04-26T20:55:05","slug":"sindenfermeiro-realiza-assembleia-com-enfermeiros-dos-igesdf-sobre-acordo-coletivo-de-trabalho","status":"publish","type":"post","link":"https:\/\/sindenfermeiro.com.br\/index.php\/2019\/08\/09\/sindenfermeiro-realiza-assembleia-com-enfermeiros-dos-igesdf-sobre-acordo-coletivo-de-trabalho\/","title":{"rendered":"SindEnfermeiro realiza assembleia com enfermeiros dos IGESDF sobre acordo coletivo de trabalho"},"content":{"rendered":"<style type=\"text\/css\">\n#foogallery-gallery-9151 .fg-image { width: 640px; }<\/style>\n\t\t\t<div class=\"foogallery foogallery-container foogallery-image-viewer foogallery-link-image foogallery-lightbox-none fg-center fg-image-viewer fg-ready fg-light fg-border-thin fg-shadow-outline fg-loading-default fg-loaded-fade-in fg-caption-hover fg-hover-fade fg-hover-zoom\" id=\"foogallery-gallery-9151\" data-foogallery=\"{&quot;item&quot;:{&quot;showCaptionTitle&quot;:true,&quot;showCaptionDescription&quot;:true},&quot;lazy&quot;:true,&quot;template&quot;:{&quot;loop&quot;:true}}\" style=\"--fg-title-line-clamp: 0; --fg-description-line-clamp: 0;\" >\n\t<div class=\"fiv-inner\">\n\t\t<div class=\"fiv-inner-container\">\n\t\t\t\t\t<\/div>\n\t\t<div class=\"fiv-ctrls\">\n\t\t\t<button type=\"button\" class=\"fiv-prev\" title=\"Prev\"><span>Prev<\/span><\/button>\n\t\t\t<label class=\"fiv-count\"><span class=\"fiv-count-current\">1<\/span>of<span class=\"fiv-count-total\">50<\/span><\/label>\n\t\t\t<button type=\"button\" class=\"fiv-next\" title=\"Next\"><span>Next<\/span><\/button>\n\t\t<\/div>\n\t<\/div>\n<\/div>\n<p>Na manh\u00e3 da \u00faltima quinta (08), o Sindicato dos Enfermeiros do Distrito Federal (SindEnfermeiro-DF) realizou uma assembleia com os enfermeiros do Instituto de Gest\u00e3o Estrat\u00e9gica em Sa\u00fade do Distrito Federal (IGESDF), que tratou do Acordo Coletivo de Trabalho (ACT) que foi apresentado \u00e0 dire\u00e7\u00e3o da institui\u00e7\u00e3o. A reuni\u00e3o aconteceu no audit\u00f3rio do Hospital de Base e contou com a participa\u00e7\u00e3o da presidente do SindEnfermeiro, Dayse Amar\u00edlio e com o secret\u00e1rio-geral, Jorge Henrique.<\/p>\n<p>O intuito da reuni\u00e3o foi apresentar a minuta do acordo coletivo que est\u00e1 sendo negociada com o IGESDF. Os enfermeiros presentes aprovaram a minuta apresentada pelo SindEnfermeiro, que ser\u00e1 debatida pr\u00f3xima quinta (15), durante a reuni\u00e3o entre a presidente do SindEnfermeiro, Dayse Amar\u00edlio, e o presidente do instituto, que tamb\u00e9m tratar\u00e1 das clausulas pecuni\u00e1rias do ACT.<\/p>\n<p>Ap\u00f3s essa reuni\u00e3o com a dire\u00e7\u00e3o do IGESDF, o sindicato far\u00e1 outra assembleia com a categoria e apresentar\u00e1 o que foi decidido com os gestores do instituto, para que os enfermeiros possam aprovar ou n\u00e3o a proposta salarial da institui\u00e7\u00e3o.<\/p>\n<p>Mesmo contra a cria\u00e7\u00e3o e a amplia\u00e7\u00e3o do modelo de gest\u00e3o do IGESDF, Dayse ressalta o papel do sindicato em representar os enfermeiros, seja eles da rede p\u00fablica ou da rede privada. \u201cN\u00f3s representamos a categoria como um todo. Nosso papel \u00e9 zelar por todos os enfermeiros, incluindo os que est\u00e3o trabalhando no instituto como celetistas. N\u00e3o podemos desamparar esses trabalhadores que agora est\u00e3o em um momento de maior fragilidade na rela\u00e7\u00e3o trabalhista\u201d, afirma a presidente.<\/p>\n<p>\u201cCom a Reforma Trabalhista, onde o acordado est\u00e1 acima do legislado, \u00e9 muito importante que os trabalhadores contem com um sindicato que tenha a habilidade em negociar e que garanta condi\u00e7\u00f5es de trabalho e alguns direitos\u201d, finaliza. O SindEnfermeiro reitera sua posi\u00e7\u00e3o contra o modelo de gest\u00e3o do IGESDF, mas n\u00e3o pode se negar em representar os enfermeiros da institui\u00e7\u00e3o.<\/p>\n","protected":false},"excerpt":{"rendered":"<p>Na manh\u00e3 da \u00faltima quinta (08), o Sindicato dos Enfermeiros do Distrito Federal (SindEnfermeiro-DF) realizou uma assembleia com os enfermeiros do Instituto de Gest\u00e3o Estrat\u00e9gica em Sa\u00fade do Distrito Federal (IGESDF), que tratou do Acordo Coletivo de Trabalho (ACT) que foi apresentado \u00e0 dire\u00e7\u00e3o da institui\u00e7\u00e3o. A reuni\u00e3o aconteceu no audit\u00f3rio do Hospital de Base [&hellip;]<\/p>\n","protected":false},"author":6,"featured_media":9167,"comment_status":"closed","ping_status":"closed","sticky":false,"template":"","format":"standard","meta":{"footnotes":""},"categories":[6,13],"tags":[99,313,58,21,56],"class_list":["post-9204","post","type-post","status-publish","format-standard","has-post-thumbnail","hentry","category-noticias","category-rede-privada","tag-enfermagem-df","tag-igesdf","tag-ihbdf","tag-sindenfermeiro","tag-sindicato"],"_links":{"self":[{"href":"https:\/\/sindenfermeiro.com.br\/index.php\/wp-json\/wp\/v2\/posts\/9204","targetHints":{"allow":["GET"]}}],"collection":[{"href":"https:\/\/sindenfermeiro.com.br\/index.php\/wp-json\/wp\/v2\/posts"}],"about":[{"href":"https:\/\/sindenfermeiro.com.br\/index.php\/wp-json\/wp\/v2\/types\/post"}],"author":[{"embeddable":true,"href":"https:\/\/sindenfermeiro.com.br\/index.php\/wp-json\/wp\/v2\/users\/6"}],"replies":[{"embeddable":true,"href":"https:\/\/sindenfermeiro.com.br\/index.php\/wp-json\/wp\/v2\/comments?post=9204"}],"version-history":[{"count":1,"href":"https:\/\/sindenfermeiro.com.br\/index.php\/wp-json\/wp\/v2\/posts\/9204\/revisions"}],"predecessor-version":[{"id":9255,"href":"https:\/\/sindenfermeiro.com.br\/index.php\/wp-json\/wp\/v2\/posts\/9204\/revisions\/9255"}],"wp:featuredmedia":[{"embeddable":true,"href":"https:\/\/sindenfermeiro.com.br\/index.php\/wp-json\/"}],"wp:attachment":[{"href":"https:\/\/sindenfermeiro.com.br\/index.php\/wp-json\/wp\/v2\/media?parent=9204"}],"wp:term":[{"taxonomy":"category","embeddable":true,"href":"https:\/\/sindenfermeiro.com.br\/index.php\/wp-json\/wp\/v2\/categories?post=9204"},{"taxonomy":"post_tag","embeddable":true,"href":"https:\/\/sindenfermeiro.com.br\/index.php\/wp-json\/wp\/v2\/tags?post=9204"}],"curies":[{"name":"wp","href":"https:\/\/api.w.org\/{rel}","templated":true}]}}