{"id":9146,"date":"2019-08-07T17:13:49","date_gmt":"2019-08-07T17:13:49","guid":{"rendered":"http:\/\/www.sindenfermeiro.com.br\/?p=9146"},"modified":"2026-04-26T22:03:34","modified_gmt":"2026-04-27T01:03:34","slug":"16a-conferencia-nacional-de-saude-luta-em-defesa-do-sus","status":"publish","type":"post","link":"https:\/\/sindenfermeiro.com.br\/index.php\/2019\/08\/07\/16a-conferencia-nacional-de-saude-luta-em-defesa-do-sus\/","title":{"rendered":"16\u00aa Confer\u00eancia Nacional de Sa\u00fade: luta em defesa do SUS"},"content":{"rendered":"<style type=\"text\/css\">\n#foogallery-gallery-9121 .fg-image { width: 640px; }<\/style>\n\t\t\t<div class=\"foogallery foogallery-container foogallery-image-viewer foogallery-link-image foogallery-lightbox-none fg-center fg-image-viewer fg-ready fg-light fg-border-thin fg-shadow-outline fg-loading-default fg-loaded-fade-in fg-caption-hover fg-hover-fade fg-hover-zoom\" id=\"foogallery-gallery-9121\" data-foogallery=\"{&quot;item&quot;:{&quot;showCaptionTitle&quot;:true,&quot;showCaptionDescription&quot;:true},&quot;lazy&quot;:true,&quot;template&quot;:{&quot;loop&quot;:true}}\" style=\"--fg-title-line-clamp: 0; --fg-description-line-clamp: 0;\" >\n\t<div class=\"fiv-inner\">\n\t\t<div class=\"fiv-inner-container\">\n\t\t\t\t\t<\/div>\n\t\t<div class=\"fiv-ctrls\">\n\t\t\t<button type=\"button\" class=\"fiv-prev\" title=\"Prev\"><span>Prev<\/span><\/button>\n\t\t\t<label class=\"fiv-count\"><span class=\"fiv-count-current\">1<\/span>of<span class=\"fiv-count-total\">19<\/span><\/label>\n\t\t\t<button type=\"button\" class=\"fiv-next\" title=\"Next\"><span>Next<\/span><\/button>\n\t\t<\/div>\n\t<\/div>\n<\/div>\n<p style=\"text-align: justify\">Entre os dias 04 e 07 de agosto, Bras\u00edlia recebeu a 16\u00aa Confer\u00eancia Nacional de Sa\u00fade. O tema dessa edi\u00e7\u00e3o foi \u201cDemocracia e sa\u00fade\u201d e teve como <strong>eixos centrais a <\/strong>sa\u00fade como direito, a consolida\u00e7\u00e3o dos princ\u00edpios e financiamento do SUS. A confer\u00eancia aconteceu no Pavilh\u00e3o do Parque de Exposi\u00e7\u00f5es do Parque da Cidade e teve como objetivo principal pensar e discutir pol\u00edticas p\u00fablicas que poder\u00e3o ser implementadas para o Sistema \u00fanico de Sa\u00fade (SUS).<\/p>\n<p style=\"text-align: justify\">As Confer\u00eancias de Sa\u00fade acontecem de quatro em quatro anos e re\u00fanem participantes de todos os estados brasileiros, e \u00e9 o principal espa\u00e7o de discuss\u00e3o e constru\u00e7\u00e3o de pol\u00edticas p\u00fablicas relacionadas ao SUS. O evento re\u00fane gestores, profissionais de sa\u00fade e usu\u00e1rios do SUS, para juntos tra\u00e7arem a\u00e7\u00f5es a serem desenvolvidas pelo Minist\u00e9rio da Sa\u00fade e nos estados e munic\u00edpios.<\/p>\n<p style=\"text-align: justify\">Para o diretor executivo do SindEnfermeiro, M\u00e1rcio da Mara, a confer\u00eancia nacional de sa\u00fade representa um espa\u00e7o institu\u00eddo pela constitui\u00e7\u00e3o federal que garante a participa\u00e7\u00e3o da sociedade nas decis\u00f5es e diretrizes que ser\u00e3o implementadas. \u201cEsse \u00e9 um espa\u00e7o onde se consolida a participa\u00e7\u00e3o popular de todos que os segmentos envolvidos: usu\u00e1rios, trabalhadores e gestores. Todos est\u00e3o reunidos para discutir os rumos da sa\u00fade no nosso pa\u00eds\u201d.<\/p>\n<p style=\"text-align: justify\">O SindEnfermeiro participa na condi\u00e7\u00e3o de representante do trabalhador e defende os interesses coletivos da classe trabalhadora encaminhando tudo o que foi definido na confer\u00eancia distrital para que haja aceita\u00e7\u00e3o e converg\u00eancia na Confer\u00eancia Nacional de Sa\u00fade.<\/p>\n<p style=\"text-align: justify\"><strong>Ato Nacional Unificado: todos em defesa do SUS<\/strong><\/p>\n<p style=\"text-align: justify\">Na segunda (05), os participantes da 16\u00aa Confer\u00eancia, entidades sindicais, entre elas o SindEnfermeiro, participaram do Ato Nacional Unificado em defesa do Sistema \u00danico de Sa\u00fade (SUS). O evento aconteceu em frente ao Museu da Rep\u00fablica e contou com a presen\u00e7a dos diretores do SindEnfermeiro, \u00a0de estudantes e parlamentares.<\/p>\n<p style=\"text-align: justify\">Para a presidente do SindEnfermeiro, Dayse Amar\u00edlio, o ato unificado foi um momento muito importante dentro de uma confer\u00eancia que tem participa\u00e7\u00e3o tripartite \u2013 gestores, popula\u00e7\u00e3o e trabalhadores, onde o engajamento social foi muito maior. \u201cNunca houve um ato dentro de uma confer\u00eancia. \u00c9 extremamente necess\u00e1ria uma mobiliza\u00e7\u00e3o social, especialmente diante do cen\u00e1rio que o Brasil vem enfrentando, com sucessivos golpes ao financiamento do SUS, entre eles a Emenda Constitucional 95 \u2013 que congela recursos para educa\u00e7\u00e3o e sa\u00fade \u2013, PEC 108 de 2019, que acaba com os conselhos profissionais, al\u00e9m das Reformas Trabalhista e da Previd\u00eancia.\u201d, apontou.<\/p>\n","protected":false},"excerpt":{"rendered":"<p>Entre os dias 04 e 07 de agosto, Bras\u00edlia recebeu a 16\u00aa Confer\u00eancia Nacional de Sa\u00fade. O tema dessa edi\u00e7\u00e3o foi \u201cDemocracia e sa\u00fade\u201d e teve como eixos centrais a sa\u00fade como direito, a consolida\u00e7\u00e3o dos princ\u00edpios e financiamento do SUS. A confer\u00eancia aconteceu no Pavilh\u00e3o do Parque de Exposi\u00e7\u00f5es do Parque da Cidade e [&hellip;]<\/p>\n","protected":false},"author":6,"featured_media":9127,"comment_status":"closed","ping_status":"closed","sticky":false,"template":"","format":"standard","meta":{"footnotes":""},"categories":[6,5],"tags":[307,7,99,21,319,165],"class_list":["post-9146","post","type-post","status-publish","format-standard","has-post-thumbnail","hentry","category-noticias","category-rede-publica","tag-conferencia-nacional-de-saude","tag-enfermagem","tag-enfermagem-df","tag-sindenfermeiro","tag-sistema-unico-de-saude","tag-sus"],"_links":{"self":[{"href":"https:\/\/sindenfermeiro.com.br\/index.php\/wp-json\/wp\/v2\/posts\/9146","targetHints":{"allow":["GET"]}}],"collection":[{"href":"https:\/\/sindenfermeiro.com.br\/index.php\/wp-json\/wp\/v2\/posts"}],"about":[{"href":"https:\/\/sindenfermeiro.com.br\/index.php\/wp-json\/wp\/v2\/types\/post"}],"author":[{"embeddable":true,"href":"https:\/\/sindenfermeiro.com.br\/index.php\/wp-json\/wp\/v2\/users\/6"}],"replies":[{"embeddable":true,"href":"https:\/\/sindenfermeiro.com.br\/index.php\/wp-json\/wp\/v2\/comments?post=9146"}],"version-history":[{"count":1,"href":"https:\/\/sindenfermeiro.com.br\/index.php\/wp-json\/wp\/v2\/posts\/9146\/revisions"}],"predecessor-version":[{"id":9306,"href":"https:\/\/sindenfermeiro.com.br\/index.php\/wp-json\/wp\/v2\/posts\/9146\/revisions\/9306"}],"wp:featuredmedia":[{"embeddable":true,"href":"https:\/\/sindenfermeiro.com.br\/index.php\/wp-json\/"}],"wp:attachment":[{"href":"https:\/\/sindenfermeiro.com.br\/index.php\/wp-json\/wp\/v2\/media?parent=9146"}],"wp:term":[{"taxonomy":"category","embeddable":true,"href":"https:\/\/sindenfermeiro.com.br\/index.php\/wp-json\/wp\/v2\/categories?post=9146"},{"taxonomy":"post_tag","embeddable":true,"href":"https:\/\/sindenfermeiro.com.br\/index.php\/wp-json\/wp\/v2\/tags?post=9146"}],"curies":[{"name":"wp","href":"https:\/\/api.w.org\/{rel}","templated":true}]}}