{"id":911,"date":"2017-03-10T16:06:23","date_gmt":"2017-03-10T16:06:23","guid":{"rendered":"http:\/\/www.sindenfermeiro.com.br\/?p=911"},"modified":"2026-04-29T09:22:10","modified_gmt":"2026-04-29T12:22:10","slug":"sindenfermeiro-debate-portarias-77-e-78-com-subsecretario-e-coordenacao-de-atencao-primaria-a-saude","status":"publish","type":"post","link":"https:\/\/sindenfermeiro.com.br\/index.php\/2017\/03\/10\/sindenfermeiro-debate-portarias-77-e-78-com-subsecretario-e-coordenacao-de-atencao-primaria-a-saude\/","title":{"rendered":"SindEnfermeiro debate Portarias 77 e 78 com subsecret\u00e1rio e Coordena\u00e7\u00e3o de Aten\u00e7\u00e3o Prim\u00e1ria \u00e0 Sa\u00fade"},"content":{"rendered":"<p style=\"text-align: justify\">Nessa sexta (10), o SindEnfermeiro reuniu-se com, na Secretaria de Sa\u00fade do Distrito Federal, com o subsecret\u00e1rio de sa\u00fade, Daniel Seabra e a equipe de Coordena\u00e7\u00e3o de Aten\u00e7\u00e3o Prim\u00e1ria \u00e0 Sa\u00fade (COAPS), liderada por Marcus Quito. No encontro, o sindicato refor\u00e7ou as reivindica\u00e7\u00f5es e demandas dos servidores, em rela\u00e7\u00e3o ao processo reformula\u00e7\u00e3o &#8211; da Aten\u00e7\u00e3o Prim\u00e1ria -, estabelecida e regulamentada pelas Portarias 77 e 78 respectivamente.<\/p>\n<p style=\"text-align: justify\">Implementa\u00e7\u00e3o do processo nas superintend\u00eancias, Gratifica\u00e7\u00f5es por Condi\u00e7\u00e3o Especial de Trabalho (GCET) para integrantes das equipes de transi\u00e7\u00e3o, perman\u00eancia das equipes de sa\u00fade da fam\u00edlia j\u00e1 constitu\u00eddas (em seus locais) e manuten\u00e7\u00e3o da supervis\u00e3o de enfermagem foram alguns dos pontos abordados.<\/p>\n<p style=\"text-align: justify\">A Secretaria de Sa\u00fade assumiu o compromisso, diante dos diretores do SindEnfermeiro, de realizar &#8211; pelo menos &#8211; uma reuni\u00e3o mensal com sindicato para que possamos discutir a reformula\u00e7\u00e3o em todo o Distrito Federal. O SindEnfermerio levar\u00e1 , nas reuni\u00f5es, propostas de aperfei\u00e7oamento e tamb\u00e9m o ponto de vista pr\u00e1tico do trabalhador que lida com a reformula\u00e7\u00e3o no dia-a-dia.<\/p>\n<div id=\"attachment_907\" style=\"width: 511px\" class=\"wp-caption aligncenter\"><img loading=\"lazy\" decoding=\"async\" aria-describedby=\"caption-attachment-907\" class=\" wp-image-907\" src=\"http:\/\/www.sindenfermeiro.com.br\/wp-content\/uploads\/2017\/03\/WhatsApp-Image-2017-03-10-at-11.05.27-1-1-900x675.jpeg\" alt=\"Reuni\u00e3o entre o SindEnfermeiro, o subsecret\u00e1rio de sa\u00fade, Daniel Seabra e a equipe de Coordena\u00e7\u00e3o de Aten\u00e7\u00e3o Prim\u00e1ria \u00e0 Sa\u00fade \" width=\"501\" height=\"376\" \/><p id=\"caption-attachment-907\" class=\"wp-caption-text\">Reuni\u00e3o entre o SindEnfermeiro, o subsecret\u00e1rio de sa\u00fade, Daniel Seabra e a equipe de Coordena\u00e7\u00e3o de Aten\u00e7\u00e3o Prim\u00e1ria \u00e0 Sa\u00fade<\/p><\/div>\n<p style=\"text-align: justify\"><strong>Assembleia Geral na segunda (13)<\/strong><\/p>\n<p style=\"text-align: justify\">Na pr\u00f3xima segunda-feira (13), o SindEnfermeiro realiza Assembleia Geral Extraordin\u00e1ria para debater as Portarias 77 e 78 de 2017, Gratifica\u00e7\u00f5es\u00a0de Condi\u00e7\u00e3o Especial de Trabalho (GCET),\u00a0por Titula\u00e7\u00e3o (GTIT), de Movimenta\u00e7\u00e3o (GMOV) e insalubridade.<\/p>\n<p style=\"text-align: justify\">A diretoria tamb\u00e9m far\u00e1 informes sobre os acontecimentos que envolveram os temas ao longo das \u00faltimas semana.<\/p>\n<p style=\"text-align: justify\">A Assembleia acontece a partir das 16h, no Clube da Sa\u00fade, no Guar\u00e1.<\/p>\n<p style=\"text-align: justify\">Participe! Venha lutar tamb\u00e9m por uma Sa\u00fade cada vez melhor no Distrito Federal!\u00a0Juntos Somos Mais Fortes!<\/p>\n<p style=\"text-align: justify\"><img loading=\"lazy\" decoding=\"async\" class=\"wp-image-865 aligncenter\" src=\"http:\/\/www.sindenfermeiro.com.br\/wp-content\/uploads\/2017\/03\/wenface_sindenfermeiro-900x900.png\" alt=\"wenface_sindenfermeiro\" width=\"530\" height=\"530\" \/><\/p>\n","protected":false},"excerpt":{"rendered":"<p>Nessa sexta (10), o SindEnfermeiro reuniu-se com, na Secretaria de Sa\u00fade do Distrito Federal, com o subsecret\u00e1rio de sa\u00fade, Daniel Seabra e a equipe de Coordena\u00e7\u00e3o de Aten\u00e7\u00e3o Prim\u00e1ria \u00e0 Sa\u00fade (COAPS), liderada por Marcus Quito. No encontro, o sindicato refor\u00e7ou as reivindica\u00e7\u00f5es e demandas dos servidores, em rela\u00e7\u00e3o ao processo reformula\u00e7\u00e3o &#8211; da Aten\u00e7\u00e3o [&hellip;]<\/p>\n","protected":false},"author":6,"featured_media":907,"comment_status":"closed","ping_status":"closed","sticky":false,"template":"","format":"standard","meta":{"footnotes":""},"categories":[6,2],"tags":[],"class_list":["post-911","post","type-post","status-publish","format-standard","has-post-thumbnail","hentry","category-noticias","category-teste"],"_links":{"self":[{"href":"https:\/\/sindenfermeiro.com.br\/index.php\/wp-json\/wp\/v2\/posts\/911","targetHints":{"allow":["GET"]}}],"collection":[{"href":"https:\/\/sindenfermeiro.com.br\/index.php\/wp-json\/wp\/v2\/posts"}],"about":[{"href":"https:\/\/sindenfermeiro.com.br\/index.php\/wp-json\/wp\/v2\/types\/post"}],"author":[{"embeddable":true,"href":"https:\/\/sindenfermeiro.com.br\/index.php\/wp-json\/wp\/v2\/users\/6"}],"replies":[{"embeddable":true,"href":"https:\/\/sindenfermeiro.com.br\/index.php\/wp-json\/wp\/v2\/comments?post=911"}],"version-history":[{"count":1,"href":"https:\/\/sindenfermeiro.com.br\/index.php\/wp-json\/wp\/v2\/posts\/911\/revisions"}],"predecessor-version":[{"id":36835,"href":"https:\/\/sindenfermeiro.com.br\/index.php\/wp-json\/wp\/v2\/posts\/911\/revisions\/36835"}],"wp:featuredmedia":[{"embeddable":true,"href":"https:\/\/sindenfermeiro.com.br\/index.php\/wp-json\/"}],"wp:attachment":[{"href":"https:\/\/sindenfermeiro.com.br\/index.php\/wp-json\/wp\/v2\/media?parent=911"}],"wp:term":[{"taxonomy":"category","embeddable":true,"href":"https:\/\/sindenfermeiro.com.br\/index.php\/wp-json\/wp\/v2\/categories?post=911"},{"taxonomy":"post_tag","embeddable":true,"href":"https:\/\/sindenfermeiro.com.br\/index.php\/wp-json\/wp\/v2\/tags?post=911"}],"curies":[{"name":"wp","href":"https:\/\/api.w.org\/{rel}","templated":true}]}}