{"id":8984,"date":"2019-08-06T19:59:46","date_gmt":"2019-08-06T19:59:46","guid":{"rendered":"http:\/\/www.sindenfermeiro.com.br\/?p=8984"},"modified":"2026-04-26T17:51:41","modified_gmt":"2026-04-26T20:51:41","slug":"sindenfermeiro-participa-do-ato-nacional-em-defesa-do-sus","status":"publish","type":"post","link":"https:\/\/sindenfermeiro.com.br\/index.php\/2019\/08\/06\/sindenfermeiro-participa-do-ato-nacional-em-defesa-do-sus\/","title":{"rendered":"SindEnfermeiro participa do Ato Nacional em defesa do SUS"},"content":{"rendered":"<style type=\"text\/css\">\n#foogallery-gallery-8985 .fg-image { width: 640px; }<\/style>\n\t\t\t<div class=\"foogallery foogallery-container foogallery-image-viewer foogallery-link-image foogallery-lightbox-none fg-center fg-image-viewer fg-ready fg-light fg-border-thin fg-shadow-outline fg-loading-default fg-loaded-fade-in fg-caption-hover fg-hover-fade fg-hover-zoom\" id=\"foogallery-gallery-8985\" data-foogallery=\"{&quot;item&quot;:{&quot;showCaptionTitle&quot;:true,&quot;showCaptionDescription&quot;:true},&quot;lazy&quot;:true,&quot;template&quot;:{&quot;loop&quot;:true}}\" style=\"--fg-title-line-clamp: 0; --fg-description-line-clamp: 0;\" >\n\t<div class=\"fiv-inner\">\n\t\t<div class=\"fiv-inner-container\">\n\t\t\t\t\t<\/div>\n\t\t<div class=\"fiv-ctrls\">\n\t\t\t<button type=\"button\" class=\"fiv-prev\" title=\"Prev\"><span>Prev<\/span><\/button>\n\t\t\t<label class=\"fiv-count\"><span class=\"fiv-count-current\">1<\/span>of<span class=\"fiv-count-total\">106<\/span><\/label>\n\t\t\t<button type=\"button\" class=\"fiv-next\" title=\"Next\"><span>Next<\/span><\/button>\n\t\t<\/div>\n\t<\/div>\n<\/div>\n<p style=\"text-align: justify\">O Sindicato dos Enfermeiros do Distrito Federal (SindEnfermeiro-DF) participou, na \u00faltima quinta (05), do Ato Nacional Unificado em defesa do Sistema \u00danico de Sa\u00fade (SUS). O evento aconteceu em frente ao Museu da Rep\u00fablica e reuniu a diretoria do SindEnfermeiro, \u00a0os integrantes da 16\u00aa Confer\u00eancia Nacional de Sa\u00fade, al\u00e9m de estudantes, entidades sindicais e parlamentares.<\/p>\n<p style=\"text-align: justify\">Para a presidente do SindEnfermeiro, Dayse Amar\u00edlio, o ato unificado foi um momento muito importante dentro de uma confer\u00eancia que tem participa\u00e7\u00e3o tripartite \u2013 gestores, popula\u00e7\u00e3o e trabalhadores, onde o engajamento social foi muito maior. \u201cNunca houve um ato dentro de uma confer\u00eancia. \u00c9 extremamente necess\u00e1ria uma mobiliza\u00e7\u00e3o social, especialmente diante do cen\u00e1rio que o Brasil vem enfrentando, com sucessivos golpes ao financiamento do SUS, entre eles a Emenda Constitucional 95 \u2013 que congela recursos para educa\u00e7\u00e3o e sa\u00fade \u2013, PEC 108 de 2019, que acaba com os conselhos profissionais, al\u00e9m das Reformas Trabalhista e da Previd\u00eancia.\u201d, apontou.<\/p>\n<p style=\"text-align: justify\"><strong>16\u00aa Confer\u00eancia <\/strong><\/p>\n<p style=\"text-align: justify\">A 16\u00aa Confer\u00eancia Nacional de Sa\u00fade come\u00e7ou no domingo (04) e vai at\u00e9 a quarta (07). As Confer\u00eancias de Sa\u00fade acontece de quatro em quatro ano e re\u00fanem gestores, profissionais de sa\u00fade e usu\u00e1rios do SUS. O tema desse ano \u00e9 \u201cDemocracia e Sa\u00fade\u201d e est\u00e1 dividido em tr\u00eas eixos: sa\u00fade como direito, consolida\u00e7\u00e3o dos princ\u00edpios e financiamento do SUS. A partir do que \u00e9 discutido na confer\u00eancia surgem a\u00e7\u00f5es e diretrizes que dever\u00e3o ser desenvolvidas pelo Minist\u00e9rio da Sa\u00fade, estados e munic\u00edpios.<\/p>\n<p style=\"text-align: justify\">\n","protected":false},"excerpt":{"rendered":"<p>O Sindicato dos Enfermeiros do Distrito Federal (SindEnfermeiro-DF) participou, na \u00faltima quinta (05), do Ato Nacional Unificado em defesa do Sistema \u00danico de Sa\u00fade (SUS). O evento aconteceu em frente ao Museu da Rep\u00fablica e reuniu a diretoria do SindEnfermeiro, \u00a0os integrantes da 16\u00aa Confer\u00eancia Nacional de Sa\u00fade, al\u00e9m de estudantes, entidades sindicais e parlamentares. [&hellip;]<\/p>\n","protected":false},"author":6,"featured_media":9114,"comment_status":"closed","ping_status":"closed","sticky":false,"template":"","format":"standard","meta":{"footnotes":""},"categories":[6,13,5],"tags":[21,22],"class_list":["post-8984","post","type-post","status-publish","format-standard","has-post-thumbnail","hentry","category-noticias","category-rede-privada","category-rede-publica","tag-sindenfermeiro","tag-sindicato-dos-enfermeiros"],"_links":{"self":[{"href":"https:\/\/sindenfermeiro.com.br\/index.php\/wp-json\/wp\/v2\/posts\/8984","targetHints":{"allow":["GET"]}}],"collection":[{"href":"https:\/\/sindenfermeiro.com.br\/index.php\/wp-json\/wp\/v2\/posts"}],"about":[{"href":"https:\/\/sindenfermeiro.com.br\/index.php\/wp-json\/wp\/v2\/types\/post"}],"author":[{"embeddable":true,"href":"https:\/\/sindenfermeiro.com.br\/index.php\/wp-json\/wp\/v2\/users\/6"}],"replies":[{"embeddable":true,"href":"https:\/\/sindenfermeiro.com.br\/index.php\/wp-json\/wp\/v2\/comments?post=8984"}],"version-history":[{"count":1,"href":"https:\/\/sindenfermeiro.com.br\/index.php\/wp-json\/wp\/v2\/posts\/8984\/revisions"}],"predecessor-version":[{"id":10043,"href":"https:\/\/sindenfermeiro.com.br\/index.php\/wp-json\/wp\/v2\/posts\/8984\/revisions\/10043"}],"wp:featuredmedia":[{"embeddable":true,"href":"https:\/\/sindenfermeiro.com.br\/index.php\/wp-json\/"}],"wp:attachment":[{"href":"https:\/\/sindenfermeiro.com.br\/index.php\/wp-json\/wp\/v2\/media?parent=8984"}],"wp:term":[{"taxonomy":"category","embeddable":true,"href":"https:\/\/sindenfermeiro.com.br\/index.php\/wp-json\/wp\/v2\/categories?post=8984"},{"taxonomy":"post_tag","embeddable":true,"href":"https:\/\/sindenfermeiro.com.br\/index.php\/wp-json\/wp\/v2\/tags?post=8984"}],"curies":[{"name":"wp","href":"https:\/\/api.w.org\/{rel}","templated":true}]}}