{"id":8978,"date":"2019-08-05T18:48:38","date_gmt":"2019-08-05T18:48:38","guid":{"rendered":"http:\/\/www.sindenfermeiro.com.br\/?p=8978"},"modified":"2026-04-26T22:05:28","modified_gmt":"2026-04-27T01:05:28","slug":"sindenfermeiro-participa-de-reuniao-no-igesdf-para-definir-acordo-coletivo-dos-enfermeiros","status":"publish","type":"post","link":"https:\/\/sindenfermeiro.com.br\/index.php\/2019\/08\/05\/sindenfermeiro-participa-de-reuniao-no-igesdf-para-definir-acordo-coletivo-dos-enfermeiros\/","title":{"rendered":"SindEnfermeiro participa de reuni\u00e3o no IGESDF para definir Acordo Coletivo dos enfermeiros"},"content":{"rendered":"<style type=\"text\/css\">\n#foogallery-gallery-8927 .fg-image { width: 640px; }<\/style>\n\t\t\t<div class=\"foogallery foogallery-container foogallery-image-viewer foogallery-link-image foogallery-lightbox-none fg-center fg-image-viewer fg-ready fg-light fg-border-thin fg-shadow-outline fg-loading-default fg-loaded-fade-in fg-caption-hover fg-hover-fade fg-hover-zoom\" id=\"foogallery-gallery-8927\" data-foogallery=\"{&quot;item&quot;:{&quot;showCaptionTitle&quot;:true,&quot;showCaptionDescription&quot;:true},&quot;lazy&quot;:true,&quot;template&quot;:{&quot;loop&quot;:true}}\" style=\"--fg-title-line-clamp: 0; --fg-description-line-clamp: 0;\" >\n\t<div class=\"fiv-inner\">\n\t\t<div class=\"fiv-inner-container\">\n\t\t\t\t\t<\/div>\n\t\t<div class=\"fiv-ctrls\">\n\t\t\t<button type=\"button\" class=\"fiv-prev\" title=\"Prev\"><span>Prev<\/span><\/button>\n\t\t\t<label class=\"fiv-count\"><span class=\"fiv-count-current\">1<\/span>of<span class=\"fiv-count-total\">37<\/span><\/label>\n\t\t\t<button type=\"button\" class=\"fiv-next\" title=\"Next\"><span>Next<\/span><\/button>\n\t\t<\/div>\n\t<\/div>\n<\/div>\n<p>Na manh\u00e3 da \u00faltima sexta (02), a\u00a0presidente do SindEnfermeiro, Dayse Amar\u00edlio, o diretor Marcio da Mata, e o departamento jur\u00eddico do sindicato\u00a0estiveram em reuni\u00e3o com os departamentos de gest\u00e3o pessoal e o departamento jur\u00eddico do Instituto de Gest\u00e3o Estrat\u00e9gica da Sa\u00fade (IGESDF), para discutir a contraproposta realizada pela gest\u00e3o do instituto para o Acordo Coletivo de Trabalho (ACT) dos enfermeiros.<\/p>\n<p>A reuni\u00e3o com os representantes do IGESDF foi realizada para analisar os pontos discutidos anteriormente com os enfermeiros, e para tratar outros detalhes que estar\u00e3o em pauta na reuni\u00e3o do pr\u00f3ximo dia 08 de agosto (quinta-feira), no Hospital de Base (HBDF), para a finaliza\u00e7\u00e3o e aprova\u00e7\u00e3o do ACT dos enfermeiros.<\/p>\n<p>A presidente do SindEnfermeiro, Dayse Amar\u00edlio, ressaltou o trabalho que vem sendo realizado pelo sindicato no sentido de fortalecer as rela\u00e7\u00f5es entre empregados e patronato, visto que as altera\u00e7\u00f5es na legisla\u00e7\u00e3o trabalhista nos \u00faltimos anos acabaram por modificar as possibilidades de negocia\u00e7\u00e3o.<\/p>\n<p>\u201cEstamos numa for\u00e7a-tarefa no sentido de conscientizar os enfermeiros para fazerem parte dessa luta, trazendo os pontos mais relevantes a serem discutidos, para que durante as discuss\u00f5es, tenhamos um maior poder de negocia\u00e7\u00e3o com os patr\u00f5es\u201d, afirmou.<\/p>\n<p>Dayse apontou ainda que \u201ccom a Reforma Trabalhista, se tornou necess\u00e1rio que tenhamos habilidade para negociar, pois o acordo direto com o empregador agora tem mais peso do que a legisla\u00e7\u00e3o\u201d, finalizou.<\/p>\n","protected":false},"excerpt":{"rendered":"<p>Na manh\u00e3 da \u00faltima sexta (02), a\u00a0presidente do SindEnfermeiro, Dayse Amar\u00edlio, o diretor Marcio da Mata, e o departamento jur\u00eddico do sindicato\u00a0estiveram em reuni\u00e3o com os departamentos de gest\u00e3o pessoal e o departamento jur\u00eddico do Instituto de Gest\u00e3o Estrat\u00e9gica da Sa\u00fade (IGESDF), para discutir a contraproposta realizada pela gest\u00e3o do instituto para o Acordo Coletivo [&hellip;]<\/p>\n","protected":false},"author":6,"featured_media":8967,"comment_status":"closed","ping_status":"closed","sticky":false,"template":"","format":"standard","meta":{"footnotes":""},"categories":[6,5],"tags":[285,309,7,54,311,312,310,313,21,56],"class_list":["post-8978","post","type-post","status-publish","format-standard","has-post-thumbnail","hentry","category-noticias","category-rede-publica","tag-acordo-coletivo","tag-act","tag-enfermagem","tag-enfermeiros","tag-hbdf","tag-hospital-de-base","tag-iges","tag-igesdf","tag-sindenfermeiro","tag-sindicato"],"_links":{"self":[{"href":"https:\/\/sindenfermeiro.com.br\/index.php\/wp-json\/wp\/v2\/posts\/8978","targetHints":{"allow":["GET"]}}],"collection":[{"href":"https:\/\/sindenfermeiro.com.br\/index.php\/wp-json\/wp\/v2\/posts"}],"about":[{"href":"https:\/\/sindenfermeiro.com.br\/index.php\/wp-json\/wp\/v2\/types\/post"}],"author":[{"embeddable":true,"href":"https:\/\/sindenfermeiro.com.br\/index.php\/wp-json\/wp\/v2\/users\/6"}],"replies":[{"embeddable":true,"href":"https:\/\/sindenfermeiro.com.br\/index.php\/wp-json\/wp\/v2\/comments?post=8978"}],"version-history":[{"count":1,"href":"https:\/\/sindenfermeiro.com.br\/index.php\/wp-json\/wp\/v2\/posts\/8978\/revisions"}],"predecessor-version":[{"id":11614,"href":"https:\/\/sindenfermeiro.com.br\/index.php\/wp-json\/wp\/v2\/posts\/8978\/revisions\/11614"}],"wp:featuredmedia":[{"embeddable":true,"href":"https:\/\/sindenfermeiro.com.br\/index.php\/wp-json\/"}],"wp:attachment":[{"href":"https:\/\/sindenfermeiro.com.br\/index.php\/wp-json\/wp\/v2\/media?parent=8978"}],"wp:term":[{"taxonomy":"category","embeddable":true,"href":"https:\/\/sindenfermeiro.com.br\/index.php\/wp-json\/wp\/v2\/categories?post=8978"},{"taxonomy":"post_tag","embeddable":true,"href":"https:\/\/sindenfermeiro.com.br\/index.php\/wp-json\/wp\/v2\/tags?post=8978"}],"curies":[{"name":"wp","href":"https:\/\/api.w.org\/{rel}","templated":true}]}}