{"id":8915,"date":"2019-07-26T17:47:04","date_gmt":"2019-07-26T17:47:04","guid":{"rendered":"http:\/\/www.sindenfermeiro.com.br\/?p=8915"},"modified":"2026-04-26T22:04:31","modified_gmt":"2026-04-27T01:04:31","slug":"sindenfermeiro-se-reune-com-enfermeiros-do-ihbdf-para-tratar-do-act","status":"publish","type":"post","link":"https:\/\/sindenfermeiro.com.br\/index.php\/2019\/07\/26\/sindenfermeiro-se-reune-com-enfermeiros-do-ihbdf-para-tratar-do-act\/","title":{"rendered":"SindEnfermeiro se re\u00fane com enfermeiros do IHBDF para tratar do ACT"},"content":{"rendered":"<style type=\"text\/css\">\n#foogallery-gallery-8892 .fg-image { width: 640px; }<\/style>\n\t\t\t<div class=\"foogallery foogallery-container foogallery-image-viewer foogallery-link-image foogallery-lightbox-none fg-center fg-image-viewer fg-ready fg-light fg-border-thin fg-shadow-outline fg-loading-default fg-loaded-fade-in fg-caption-hover fg-hover-fade fg-hover-zoom\" id=\"foogallery-gallery-8892\" data-foogallery=\"{&quot;item&quot;:{&quot;showCaptionTitle&quot;:true,&quot;showCaptionDescription&quot;:true},&quot;lazy&quot;:true,&quot;template&quot;:{&quot;loop&quot;:true}}\" style=\"--fg-title-line-clamp: 0; --fg-description-line-clamp: 0;\" >\n\t<div class=\"fiv-inner\">\n\t\t<div class=\"fiv-inner-container\">\n\t\t\t\t\t<\/div>\n\t\t<div class=\"fiv-ctrls\">\n\t\t\t<button type=\"button\" class=\"fiv-prev\" title=\"Prev\"><span>Prev<\/span><\/button>\n\t\t\t<label class=\"fiv-count\"><span class=\"fiv-count-current\">1<\/span>of<span class=\"fiv-count-total\">17<\/span><\/label>\n\t\t\t<button type=\"button\" class=\"fiv-next\" title=\"Next\"><span>Next<\/span><\/button>\n\t\t<\/div>\n\t<\/div>\n<\/div>\n<p>Na manh\u00e3 desta sexta (26), o Sindicato dos Enfermeiros do Distrito Federal (SindEnfermeiro-DF) realizou uma reuni\u00e3o com representantes dos enfermeiros do Instituto Hospital de Base (IHBDF), para tratar do Acordo Coletivo de Trabalho que foi apresentado \u00e0 dire\u00e7\u00e3o do hospital.<\/p>\n<p>A presidente do sindicato, Dayse Amar\u00edlio, o secret\u00e1rio-geral, Jorge Henrique, al\u00e9m do departamento jur\u00eddico, participaram da discuss\u00e3o com a comiss\u00e3o de enfermeiros do IHBDF &#8211; escolhida por meio de assembleia para coordenar as negocia\u00e7\u00f5es da proposta de acordo coletivo.<\/p>\n<p>Entre os pontos tratados, est\u00e3o a jornada de trabalho dos enfermeiros, reajuste salarial, al\u00e9m dos abonos e licen\u00e7as. Para Jorge, &#8220;o acordo coletivo \u00e9 um importante instrumento para os profissionais, pois estabelece direitos e uma melhor rela\u00e7\u00e3o entre os trabalhadores e a institui\u00e7\u00e3o&#8221;.<\/p>\n<p>Nos pr\u00f3ximos dias, ser\u00e1 marcada uma nova reuni\u00e3o, onde a proposta acordada entre o sindicato e os representantes do IHBDF ser\u00e1 apresentada para todos os enfermeiros da institui\u00e7\u00e3o.<\/p>\n","protected":false},"excerpt":{"rendered":"<p>Na manh\u00e3 desta sexta (26), o Sindicato dos Enfermeiros do Distrito Federal (SindEnfermeiro-DF) realizou uma reuni\u00e3o com representantes dos enfermeiros do Instituto Hospital de Base (IHBDF), para tratar do Acordo Coletivo de Trabalho que foi apresentado \u00e0 dire\u00e7\u00e3o do hospital. A presidente do sindicato, Dayse Amar\u00edlio, o secret\u00e1rio-geral, Jorge Henrique, al\u00e9m do departamento jur\u00eddico, participaram [&hellip;]<\/p>\n","protected":false},"author":6,"featured_media":8893,"comment_status":"closed","ping_status":"closed","sticky":false,"template":"","format":"standard","meta":{"footnotes":""},"categories":[6,5],"tags":[225,285,309,54,310,58,21,44,172],"class_list":["post-8915","post","type-post","status-publish","format-standard","has-post-thumbnail","hentry","category-noticias","category-rede-publica","tag-225","tag-acordo-coletivo","tag-act","tag-enfermeiros","tag-iges","tag-ihbdf","tag-sindenfermeiro","tag-sindenfermeiro-df","tag-sindicato-dos-enfermeiros-do-distrito-federal"],"_links":{"self":[{"href":"https:\/\/sindenfermeiro.com.br\/index.php\/wp-json\/wp\/v2\/posts\/8915","targetHints":{"allow":["GET"]}}],"collection":[{"href":"https:\/\/sindenfermeiro.com.br\/index.php\/wp-json\/wp\/v2\/posts"}],"about":[{"href":"https:\/\/sindenfermeiro.com.br\/index.php\/wp-json\/wp\/v2\/types\/post"}],"author":[{"embeddable":true,"href":"https:\/\/sindenfermeiro.com.br\/index.php\/wp-json\/wp\/v2\/users\/6"}],"replies":[{"embeddable":true,"href":"https:\/\/sindenfermeiro.com.br\/index.php\/wp-json\/wp\/v2\/comments?post=8915"}],"version-history":[{"count":1,"href":"https:\/\/sindenfermeiro.com.br\/index.php\/wp-json\/wp\/v2\/posts\/8915\/revisions"}],"predecessor-version":[{"id":25504,"href":"https:\/\/sindenfermeiro.com.br\/index.php\/wp-json\/wp\/v2\/posts\/8915\/revisions\/25504"}],"wp:featuredmedia":[{"embeddable":true,"href":"https:\/\/sindenfermeiro.com.br\/index.php\/wp-json\/"}],"wp:attachment":[{"href":"https:\/\/sindenfermeiro.com.br\/index.php\/wp-json\/wp\/v2\/media?parent=8915"}],"wp:term":[{"taxonomy":"category","embeddable":true,"href":"https:\/\/sindenfermeiro.com.br\/index.php\/wp-json\/wp\/v2\/categories?post=8915"},{"taxonomy":"post_tag","embeddable":true,"href":"https:\/\/sindenfermeiro.com.br\/index.php\/wp-json\/wp\/v2\/tags?post=8915"}],"curies":[{"name":"wp","href":"https:\/\/api.w.org\/{rel}","templated":true}]}}