{"id":8889,"date":"2019-07-25T18:36:40","date_gmt":"2019-07-25T18:36:40","guid":{"rendered":"http:\/\/www.sindenfermeiro.com.br\/?p=8889"},"modified":"2026-04-26T17:55:35","modified_gmt":"2026-04-26T20:55:35","slug":"sindenfermeiro-reune-liderancas-da-enfermagem-e-estudantes-para-discutir-sobre-ato-unificado-na-16a-conferencia-nacional-de-saude","status":"publish","type":"post","link":"https:\/\/sindenfermeiro.com.br\/index.php\/2019\/07\/25\/sindenfermeiro-reune-liderancas-da-enfermagem-e-estudantes-para-discutir-sobre-ato-unificado-na-16a-conferencia-nacional-de-saude\/","title":{"rendered":"SindEnfermeiro re\u00fane lideran\u00e7as da enfermagem e estudantes para discutir sobre ato unificado na 16\u00aa Confer\u00eancia Nacional de Sa\u00fade"},"content":{"rendered":"<style type=\"text\/css\">\n#foogallery-gallery-8853 .fg-image { width: 640px; }<\/style>\n\t\t\t<div class=\"foogallery foogallery-container foogallery-image-viewer foogallery-link-image foogallery-lightbox-none fg-center fg-image-viewer fg-ready fg-light fg-border-thin fg-shadow-outline fg-loading-default fg-loaded-fade-in fg-caption-hover fg-hover-fade fg-hover-zoom\" id=\"foogallery-gallery-8853\" data-foogallery=\"{&quot;item&quot;:{&quot;showCaptionTitle&quot;:true,&quot;showCaptionDescription&quot;:true},&quot;lazy&quot;:true,&quot;template&quot;:{&quot;loop&quot;:true}}\" style=\"--fg-title-line-clamp: 0; --fg-description-line-clamp: 0;\" >\n\t<div class=\"fiv-inner\">\n\t\t<div class=\"fiv-inner-container\">\n\t\t\t\t\t<\/div>\n\t\t<div class=\"fiv-ctrls\">\n\t\t\t<button type=\"button\" class=\"fiv-prev\" title=\"Prev\"><span>Prev<\/span><\/button>\n\t\t\t<label class=\"fiv-count\"><span class=\"fiv-count-current\">1<\/span>of<span class=\"fiv-count-total\">26<\/span><\/label>\n\t\t\t<button type=\"button\" class=\"fiv-next\" title=\"Next\"><span>Next<\/span><\/button>\n\t\t<\/div>\n\t<\/div>\n<\/div>\n<p>Na tarde da \u00faltima quarta (24), o Sindicato dos Enfermeiros do Distrito Federal (SindEnfermeiro-DF) reuniu representantes da categoria, enfermeiros e estudantes em sua sede, para discutir as atividades a serem realizadas no ato unificado, que ser\u00e1 realizado no pr\u00f3ximo dia 05 de agosto, \u00e0s 17h, na pra\u00e7a do Museu Nacional da Rep\u00fablica.<\/p>\n<p>Na ocasi\u00e3o, estiveram presentes a presidente do SindEnfermeiro, Dayse Amar\u00edlio, al\u00e9m da diretoria executiva do sindicato, o Conselho Regional de Enfermagem do Distrito Federal (COREN-DF) e o Conselho Nacional de Sa\u00fade (CNS). A reuni\u00e3o tamb\u00e9m contou com a presen\u00e7a de membros da Associa\u00e7\u00e3o Brasileira de Enfermagem (ABEn) nos \u00e2mbitos nacional e distrital (ABEn-DF) e do Sindicato dos T\u00e9cnicos em Enfermagem do Distrito Federal (SINDATE-DF).<\/p>\n<p>O encontro teve como objetivo abordar e alinhar as estrat\u00e9gias para a realiza\u00e7\u00e3o de a\u00e7\u00f5es durante o ato unificado, que pela primeira vez em sua hist\u00f3ria reunir\u00e1 as diversas categorias da sa\u00fade &#8211; que estar\u00e3o presentes na 16\u00aa Confer\u00eancia Nacional de Sa\u00fade, evento que acontecer\u00e1 entre os dias 04 e 07 de agosto em Bras\u00edlia.<\/p>\n","protected":false},"excerpt":{"rendered":"<p>Na tarde da \u00faltima quarta (24), o Sindicato dos Enfermeiros do Distrito Federal (SindEnfermeiro-DF) reuniu representantes da categoria, enfermeiros e estudantes em sua sede, para discutir as atividades a serem realizadas no ato unificado, que ser\u00e1 realizado no pr\u00f3ximo dia 05 de agosto, \u00e0s 17h, na pra\u00e7a do Museu Nacional da Rep\u00fablica. Na ocasi\u00e3o, estiveram [&hellip;]<\/p>\n","protected":false},"author":6,"featured_media":8856,"comment_status":"closed","ping_status":"closed","sticky":false,"template":"","format":"standard","meta":{"footnotes":""},"categories":[6,13,5],"tags":[307,308,99,21,22,165],"class_list":["post-8889","post","type-post","status-publish","format-standard","has-post-thumbnail","hentry","category-noticias","category-rede-privada","category-rede-publica","tag-conferencia-nacional-de-saude","tag-conselho-nacional-de-saude","tag-enfermagem-df","tag-sindenfermeiro","tag-sindicato-dos-enfermeiros","tag-sus"],"_links":{"self":[{"href":"https:\/\/sindenfermeiro.com.br\/index.php\/wp-json\/wp\/v2\/posts\/8889","targetHints":{"allow":["GET"]}}],"collection":[{"href":"https:\/\/sindenfermeiro.com.br\/index.php\/wp-json\/wp\/v2\/posts"}],"about":[{"href":"https:\/\/sindenfermeiro.com.br\/index.php\/wp-json\/wp\/v2\/types\/post"}],"author":[{"embeddable":true,"href":"https:\/\/sindenfermeiro.com.br\/index.php\/wp-json\/wp\/v2\/users\/6"}],"replies":[{"embeddable":true,"href":"https:\/\/sindenfermeiro.com.br\/index.php\/wp-json\/wp\/v2\/comments?post=8889"}],"version-history":[{"count":1,"href":"https:\/\/sindenfermeiro.com.br\/index.php\/wp-json\/wp\/v2\/posts\/8889\/revisions"}],"predecessor-version":[{"id":30548,"href":"https:\/\/sindenfermeiro.com.br\/index.php\/wp-json\/wp\/v2\/posts\/8889\/revisions\/30548"}],"wp:featuredmedia":[{"embeddable":true,"href":"https:\/\/sindenfermeiro.com.br\/index.php\/wp-json\/"}],"wp:attachment":[{"href":"https:\/\/sindenfermeiro.com.br\/index.php\/wp-json\/wp\/v2\/media?parent=8889"}],"wp:term":[{"taxonomy":"category","embeddable":true,"href":"https:\/\/sindenfermeiro.com.br\/index.php\/wp-json\/wp\/v2\/categories?post=8889"},{"taxonomy":"post_tag","embeddable":true,"href":"https:\/\/sindenfermeiro.com.br\/index.php\/wp-json\/wp\/v2\/tags?post=8889"}],"curies":[{"name":"wp","href":"https:\/\/api.w.org\/{rel}","templated":true}]}}