{"id":886,"date":"2017-03-10T11:18:54","date_gmt":"2017-03-10T11:18:54","guid":{"rendered":"http:\/\/www.sindenfermeiro.com.br\/?p=886"},"modified":"2026-05-01T05:42:50","modified_gmt":"2026-05-01T08:42:50","slug":"sindenfermeiro-age-contra-a-retirada-das-gratificacoes-e-da-supervisao-de-enfermagem-na-atencao-primaria","status":"publish","type":"post","link":"https:\/\/sindenfermeiro.com.br\/index.php\/2017\/03\/10\/sindenfermeiro-age-contra-a-retirada-das-gratificacoes-e-da-supervisao-de-enfermagem-na-atencao-primaria\/","title":{"rendered":"SindEnfermeiro protocola documentos contra a retirada das gratifica\u00e7\u00f5es e da supervis\u00e3o de enfermagem na Aten\u00e7\u00e3o Prim\u00e1ria"},"content":{"rendered":"<p style=\"text-align: justify\"><strong><em>Perman\u00eancia das equipes de sa\u00fade da fam\u00edlia j\u00e1 constitu\u00eddas tamb\u00e9m \u00e9 reivindicada<\/em><\/strong><\/p>\n<p style=\"text-align: justify\">O Sindicato dos Enfermeiros do Distrito Federal (SindEnfermeiro-DF) comunica aos servidores que protocolou, junto \u00e0 Secretaria de Sa\u00fade, ao longo das \u00faltimas semanas (desde a publica\u00e7\u00e3o das Portarias 77, 78 e 94), documentos que solicitam a manuten\u00e7\u00e3o das Gratifica\u00e7\u00f5es por Condi\u00e7\u00e3o Especial de Trabalho (GCET) para integrantes das equipes de transi\u00e7\u00e3o e a perman\u00eancia das equipes de sa\u00fade da fam\u00edlia j\u00e1 constitu\u00eddas (em seus locais) e da supervis\u00e3o de enfermagem, na reformula\u00e7\u00e3o da Aten\u00e7\u00e3o Prim\u00e1ria \u00e0 Sa\u00fade.<\/p>\n<p style=\"text-align: justify\">O sindicato reitera que reuniu-se, na \u00faltima segunda (6), com os deputados distritais Reginaldo Veras (PDT) e Wasny de Roure (PT), para tratar sobre o processo manuten\u00e7\u00e3o dos direitos citados no par\u00e1grafo anterior.<\/p>\n<div id=\"attachment_854\" style=\"width: 379px\" class=\"wp-caption aligncenter\"><img loading=\"lazy\" decoding=\"async\" aria-describedby=\"caption-attachment-854\" class=\" wp-image-854\" src=\"http:\/\/www.sindenfermeiro.com.br\/wp-content\/uploads\/2017\/03\/WhatsApp-Image-2017-03-06-at-18.05.43-900x675.jpeg\" alt=\"Reuni\u00e3o entre diretores do SindEnfermeiro e os deputados distritais Reginaldo Veras (PDT) e Wasny de Roure (PT)\" width=\"369\" height=\"277\" \/><p id=\"caption-attachment-854\" class=\"wp-caption-text\">Reuni\u00e3o entre diretores do SindEnfermeiro e os deputados distritais Reginaldo Veras (PDT) e Wasny de Roure (PT)<\/p><\/div>\n<p style=\"text-align: justify\">Conseguimos, que Veras e Roure mediassem reuni\u00e3o com o l\u00edder de Governo na C\u00e2mara, Rodrigo Delmasso (PTN), que promoveu ent\u00e3o, encontro (realizado na \u00faltima quarta, 8), na\u00a0Casa Civil do DF &#8211; onde os documentos protocolados ao longo das \u00faltimas semanas foram reiterados, nesse momento, diante do secret\u00e1rio S\u00e9rgio Sampaio &#8211; .<\/p>\n<div id=\"attachment_897\" style=\"width: 355px\" class=\"wp-caption aligncenter\"><img loading=\"lazy\" decoding=\"async\" aria-describedby=\"caption-attachment-897\" class=\"wp-image-897\" src=\"http:\/\/www.sindenfermeiro.com.br\/wp-content\/uploads\/2017\/03\/WhatsApp-Image-2017-03-10-at-11.01.28-900x506.jpeg\" alt=\"WhatsApp Image 2017-03-10 at 11.01.28\" width=\"345\" height=\"194\" \/><p id=\"caption-attachment-897\" class=\"wp-caption-text\"><em>Deputados distritais Rodrigo Delmasso (PTN), l\u00edder do Governo, e Reginaldo Veras (PDT). Dayse Amarilio, presidente, e Tarcisio Faria, diretor do SindEnfermeiro<\/em><\/p><\/div>\n<p style=\"text-align: justify\">O sindicato reafirma que continua a tomar todas as provid\u00eancias para preservar os direitos do trabalhador e, com o suporte de seu departamento jur\u00eddico, busca alternativas para que as gratifica\u00e7\u00f5es dos enfermeiros sejam garantidas e a manuten\u00e7\u00e3o das equipes de sa\u00fade da fam\u00edlia e da supervis\u00e3o de enfermagem n\u00e3o sofram qualquer\u00a0dano, em virtude das Portarias publicadas pelo Governo do Distrito Federal (GDF).<\/p>\n<div id=\"attachment_898\" style=\"width: 366px\" class=\"wp-caption aligncenter\"><img loading=\"lazy\" decoding=\"async\" aria-describedby=\"caption-attachment-898\" class=\" wp-image-898\" src=\"http:\/\/www.sindenfermeiro.com.br\/wp-content\/uploads\/2017\/03\/WhatsApp-Image-2017-03-10-at-11.02.44-900x675.jpeg\" alt=\"Reuni\u00e3o com secret\u00e1rio da Casa Civil, S\u00e9rgio Sampaio\" width=\"356\" height=\"267\" \/><p id=\"caption-attachment-898\" class=\"wp-caption-text\"><em>Reuni\u00e3o com secret\u00e1rio da Casa Civil, S\u00e9rgio Sampaio<\/em><\/p><\/div>\n<div id=\"attachment_906\" style=\"width: 237px\" class=\"wp-caption aligncenter\"><img loading=\"lazy\" decoding=\"async\" aria-describedby=\"caption-attachment-906\" class=\"wp-image-906\" src=\"http:\/\/www.sindenfermeiro.com.br\/wp-content\/uploads\/2017\/03\/WhatsApp-Image-2017-03-10-at-11.19.01-2-506x900.jpeg\" alt=\"WhatsApp Image 2017-03-10 at 11.19.01\" width=\"227\" height=\"403\" \/><p id=\"caption-attachment-906\" class=\"wp-caption-text\"><em>Documento protocolado pelo SindEnfermeiro<\/em><\/p><\/div>\n<div id=\"attachment_908\" style=\"width: 236px\" class=\"wp-caption aligncenter\"><img loading=\"lazy\" decoding=\"async\" aria-describedby=\"caption-attachment-908\" class=\"wp-image-908\" src=\"http:\/\/www.sindenfermeiro.com.br\/wp-content\/uploads\/2017\/03\/WhatsApp-Image-2017-03-10-at-11.15.21-506x900.jpeg\" alt=\"WhatsApp Image 2017-03-10 at 11.15.21\" width=\"226\" height=\"402\" \/><p id=\"caption-attachment-908\" class=\"wp-caption-text\"><em>Documento protocolado pelo SindEnfermeiro<\/em><\/p><\/div>\n","protected":false},"excerpt":{"rendered":"<p>Perman\u00eancia das equipes de sa\u00fade da fam\u00edlia j\u00e1 constitu\u00eddas tamb\u00e9m \u00e9 reivindicada O Sindicato dos Enfermeiros do Distrito Federal (SindEnfermeiro-DF) comunica aos servidores que protocolou, junto \u00e0 Secretaria de Sa\u00fade, ao longo das \u00faltimas semanas (desde a publica\u00e7\u00e3o das Portarias 77, 78 e 94), documentos que solicitam a manuten\u00e7\u00e3o das Gratifica\u00e7\u00f5es por Condi\u00e7\u00e3o Especial de [&hellip;]<\/p>\n","protected":false},"author":6,"featured_media":850,"comment_status":"closed","ping_status":"closed","sticky":false,"template":"","format":"standard","meta":{"footnotes":""},"categories":[6,2],"tags":[],"class_list":["post-886","post","type-post","status-publish","format-standard","has-post-thumbnail","hentry","category-noticias","category-teste"],"_links":{"self":[{"href":"https:\/\/sindenfermeiro.com.br\/index.php\/wp-json\/wp\/v2\/posts\/886","targetHints":{"allow":["GET"]}}],"collection":[{"href":"https:\/\/sindenfermeiro.com.br\/index.php\/wp-json\/wp\/v2\/posts"}],"about":[{"href":"https:\/\/sindenfermeiro.com.br\/index.php\/wp-json\/wp\/v2\/types\/post"}],"author":[{"embeddable":true,"href":"https:\/\/sindenfermeiro.com.br\/index.php\/wp-json\/wp\/v2\/users\/6"}],"replies":[{"embeddable":true,"href":"https:\/\/sindenfermeiro.com.br\/index.php\/wp-json\/wp\/v2\/comments?post=886"}],"version-history":[{"count":1,"href":"https:\/\/sindenfermeiro.com.br\/index.php\/wp-json\/wp\/v2\/posts\/886\/revisions"}],"predecessor-version":[{"id":37271,"href":"https:\/\/sindenfermeiro.com.br\/index.php\/wp-json\/wp\/v2\/posts\/886\/revisions\/37271"}],"wp:featuredmedia":[{"embeddable":true,"href":"https:\/\/sindenfermeiro.com.br\/index.php\/wp-json\/"}],"wp:attachment":[{"href":"https:\/\/sindenfermeiro.com.br\/index.php\/wp-json\/wp\/v2\/media?parent=886"}],"wp:term":[{"taxonomy":"category","embeddable":true,"href":"https:\/\/sindenfermeiro.com.br\/index.php\/wp-json\/wp\/v2\/categories?post=886"},{"taxonomy":"post_tag","embeddable":true,"href":"https:\/\/sindenfermeiro.com.br\/index.php\/wp-json\/wp\/v2\/tags?post=886"}],"curies":[{"name":"wp","href":"https:\/\/api.w.org\/{rel}","templated":true}]}}