{"id":8782,"date":"2019-07-24T18:01:21","date_gmt":"2019-07-24T18:01:21","guid":{"rendered":"http:\/\/www.sindenfermeiro.com.br\/?p=8782"},"modified":"2026-04-26T17:51:04","modified_gmt":"2026-04-26T20:51:04","slug":"sindenfermeiro-participa-do-42o-eneen","status":"publish","type":"post","link":"https:\/\/sindenfermeiro.com.br\/index.php\/2019\/07\/24\/sindenfermeiro-participa-do-42o-eneen\/","title":{"rendered":"SindEnfermeiro participa do 42\u00ba ENEEn"},"content":{"rendered":"<style type=\"text\/css\">\n#foogallery-gallery-8778 .fg-image { width: 640px; }<\/style>\n\t\t\t<div class=\"foogallery foogallery-container foogallery-image-viewer foogallery-link-image foogallery-lightbox-none fg-center fg-image-viewer fg-ready fg-light fg-border-thin fg-shadow-outline fg-loading-default fg-loaded-fade-in fg-caption-hover fg-hover-fade fg-hover-zoom\" id=\"foogallery-gallery-8778\" data-foogallery=\"{&quot;item&quot;:{&quot;showCaptionTitle&quot;:true,&quot;showCaptionDescription&quot;:true},&quot;lazy&quot;:true,&quot;template&quot;:{&quot;loop&quot;:true}}\" style=\"--fg-title-line-clamp: 0; --fg-description-line-clamp: 0;\" >\n\t<div class=\"fiv-inner\">\n\t\t<div class=\"fiv-inner-container\">\n\t\t\t\t\t<\/div>\n\t\t<div class=\"fiv-ctrls\">\n\t\t\t<button type=\"button\" class=\"fiv-prev\" title=\"Prev\"><span>Prev<\/span><\/button>\n\t\t\t<label class=\"fiv-count\"><span class=\"fiv-count-current\">1<\/span>of<span class=\"fiv-count-total\">63<\/span><\/label>\n\t\t\t<button type=\"button\" class=\"fiv-next\" title=\"Next\"><span>Next<\/span><\/button>\n\t\t<\/div>\n\t<\/div>\n<\/div>\n<p style=\"text-align: justify\">O secret\u00e1rio-geral do SindEnfermeiro, Jorge Henrique, participou na manh\u00e3 dessa quarta (24), da mesa sobre \u201cforma\u00e7\u00e3o em Enfermagem: SUS em Foco\u201d, no 42\u00ba Encontro Nacional dos Estudantes de Enfermagem (ENEEn), que est\u00e1 acontecendo no Centro de Ensino Infantil 01 de Bras\u00edlia. Tamb\u00e9m compuseram a mesa o presidente do Conselho Regional de Enfermagem do Distrito Federal (COREN-DF), Marcos Wesley, a presidente da Associa\u00e7\u00e3o Brasileira de Enfermagem (ABEn Nacional) Rosa Maria Godoy e a presidente da ABEN-DF, Rosalina Sudo.<\/p>\n<p style=\"text-align: justify\">Durante sua fala, Jorge Henrique ressaltou a import\u00e2ncia da uni\u00e3o das entidades de classe na defesa do Sistema \u00danico de Sa\u00fade, do ensino p\u00fablico gratuito e de qualidade e um curr\u00edculo acad\u00eamico que deixe de ser hospitaloc\u00eantrico. \u201cA nossa forma\u00e7\u00e3o n\u00e3o \u00e9 neutra. O curr\u00edculo \u2013 acad\u00eamico \u2013 \u00e9 uma s\u00edntese de processos contradit\u00f3rios e que vai encaminhar os profissionais para uma atua\u00e7\u00e3o hospitaloc\u00eantrica ou no Sistema \u00danico de Sa\u00fade, que s\u00e3o os dois modelos hoje que v\u00eam disputando\u201d, completou o secret\u00e1rio-geral.<\/p>\n<p style=\"text-align: justify\">O 42\u00aa ENEEn, acontece at\u00e9 o pr\u00f3ximo s\u00e1bado (27) e \u00e9 voltado para alunos de enfermagem de todo o Brasil. O evento busca reunir estudantes e oferecer um maior dinamismo na forma\u00e7\u00e3o para al\u00e9m da educa\u00e7\u00e3o tradicional das institui\u00e7\u00f5es de ensino superior.<\/p>\n","protected":false},"excerpt":{"rendered":"<p>O secret\u00e1rio-geral do SindEnfermeiro, Jorge Henrique, participou na manh\u00e3 dessa quarta (24), da mesa sobre \u201cforma\u00e7\u00e3o em Enfermagem: SUS em Foco\u201d, no 42\u00ba Encontro Nacional dos Estudantes de Enfermagem (ENEEn), que est\u00e1 acontecendo no Centro de Ensino Infantil 01 de Bras\u00edlia. Tamb\u00e9m compuseram a mesa o presidente do Conselho Regional de Enfermagem do Distrito Federal [&hellip;]<\/p>\n","protected":false},"author":6,"featured_media":8833,"comment_status":"closed","ping_status":"closed","sticky":false,"template":"","format":"standard","meta":{"footnotes":""},"categories":[6,13,5],"tags":[],"class_list":["post-8782","post","type-post","status-publish","format-standard","has-post-thumbnail","hentry","category-noticias","category-rede-privada","category-rede-publica"],"_links":{"self":[{"href":"https:\/\/sindenfermeiro.com.br\/index.php\/wp-json\/wp\/v2\/posts\/8782","targetHints":{"allow":["GET"]}}],"collection":[{"href":"https:\/\/sindenfermeiro.com.br\/index.php\/wp-json\/wp\/v2\/posts"}],"about":[{"href":"https:\/\/sindenfermeiro.com.br\/index.php\/wp-json\/wp\/v2\/types\/post"}],"author":[{"embeddable":true,"href":"https:\/\/sindenfermeiro.com.br\/index.php\/wp-json\/wp\/v2\/users\/6"}],"replies":[{"embeddable":true,"href":"https:\/\/sindenfermeiro.com.br\/index.php\/wp-json\/wp\/v2\/comments?post=8782"}],"version-history":[{"count":1,"href":"https:\/\/sindenfermeiro.com.br\/index.php\/wp-json\/wp\/v2\/posts\/8782\/revisions"}],"predecessor-version":[{"id":29426,"href":"https:\/\/sindenfermeiro.com.br\/index.php\/wp-json\/wp\/v2\/posts\/8782\/revisions\/29426"}],"wp:featuredmedia":[{"embeddable":true,"href":"https:\/\/sindenfermeiro.com.br\/index.php\/wp-json\/"}],"wp:attachment":[{"href":"https:\/\/sindenfermeiro.com.br\/index.php\/wp-json\/wp\/v2\/media?parent=8782"}],"wp:term":[{"taxonomy":"category","embeddable":true,"href":"https:\/\/sindenfermeiro.com.br\/index.php\/wp-json\/wp\/v2\/categories?post=8782"},{"taxonomy":"post_tag","embeddable":true,"href":"https:\/\/sindenfermeiro.com.br\/index.php\/wp-json\/wp\/v2\/tags?post=8782"}],"curies":[{"name":"wp","href":"https:\/\/api.w.org\/{rel}","templated":true}]}}