{"id":8775,"date":"2019-07-23T19:57:27","date_gmt":"2019-07-23T19:57:27","guid":{"rendered":"http:\/\/www.sindenfermeiro.com.br\/?p=8775"},"modified":"2026-04-26T17:53:35","modified_gmt":"2026-04-26T20:53:35","slug":"sindenfermeiro-volta-ao-hospital-sao-mateus-para-verificar-cumprimento-de-determinacoes-feitas-pelo-mpt-df","status":"publish","type":"post","link":"https:\/\/sindenfermeiro.com.br\/index.php\/2019\/07\/23\/sindenfermeiro-volta-ao-hospital-sao-mateus-para-verificar-cumprimento-de-determinacoes-feitas-pelo-mpt-df\/","title":{"rendered":"SindEnfermeiro volta ao Hospital S\u00e3o Mateus para verificar cumprimento de determina\u00e7\u00f5es feitas pelo MPT-DF"},"content":{"rendered":"<style type=\"text\/css\">\n#foogallery-gallery-8769 .fg-image { width: 640px; }<\/style>\n\t\t\t<div class=\"foogallery foogallery-container foogallery-image-viewer foogallery-link-image foogallery-lightbox-none fg-center fg-image-viewer fg-ready fg-light fg-border-thin fg-shadow-outline fg-loading-default fg-loaded-fade-in fg-caption-hover fg-hover-fade fg-hover-zoom\" id=\"foogallery-gallery-8769\" data-foogallery=\"{&quot;item&quot;:{&quot;showCaptionTitle&quot;:true,&quot;showCaptionDescription&quot;:true},&quot;lazy&quot;:true,&quot;template&quot;:{&quot;loop&quot;:true}}\" style=\"--fg-title-line-clamp: 0; --fg-description-line-clamp: 0;\" >\n\t<div class=\"fiv-inner\">\n\t\t<div class=\"fiv-inner-container\">\n\t\t\t\t\t<\/div>\n\t\t<div class=\"fiv-ctrls\">\n\t\t\t<button type=\"button\" class=\"fiv-prev\" title=\"Prev\"><span>Prev<\/span><\/button>\n\t\t\t<label class=\"fiv-count\"><span class=\"fiv-count-current\">1<\/span>of<span class=\"fiv-count-total\">5<\/span><\/label>\n\t\t\t<button type=\"button\" class=\"fiv-next\" title=\"Next\"><span>Next<\/span><\/button>\n\t\t<\/div>\n\t<\/div>\n<\/div>\n<p style=\"text-align: justify\">Na manh\u00e3 desta ter\u00e7a (23), a presidente do Sindicato dos Enfermeiros do Distrito Federal (SindEnfermeiro-DF), Dayse Amar\u00edlio, esteve no Hospital S\u00e3o Mateus, para averiguar se a institui\u00e7\u00e3o cumpriu as determina\u00e7\u00f5es feitas pelo Minist\u00e9rio P\u00fablico do Trabalho (MPT-DF) ap\u00f3s vistoria do Centro de Refer\u00eancia em Sa\u00fade do Trabalhador (CEREST), depois que o sindicato denunciou as condi\u00e7\u00f5es prec\u00e1rias no repouso dos enfermeiros.<\/p>\n<p style=\"text-align: justify\">Durante a visita, a presidente constatou que o hospital readequou as suas instala\u00e7\u00f5es, cumprindo os requisitos apontados na notifica\u00e7\u00e3o enviada no \u00faltimo dia 08 de julho pelo \u00f3rg\u00e3o fiscalizador, que determinou o prazo de at\u00e9 20 dias para que o hospital comunicasse o cumprimento das interven\u00e7\u00f5es nas \u00e1reas de repouso.<\/p>\n<p style=\"text-align: justify\">Entre os pontos que passaram por melhorias, est\u00e3o a instala\u00e7\u00e3o de um novo aparelho de ar-condicionado, melhorando a ventila\u00e7\u00e3o do espa\u00e7o e reduzindo ru\u00eddos provenientes da central de ar da unidade \u2013 localizada ao lado do repouso, a reestrutura\u00e7\u00e3o da \u00e1rea destinada \u00e0 refei\u00e7\u00e3o dos enfermeiros e outras pequenas adequa\u00e7\u00f5es, como troca de l\u00e2mpadas e instala\u00e7\u00e3o de um novo aparelho de micro-ondas na copa.<\/p>\n<p style=\"text-align: justify\">A presidente do SindEnfermeiro destaca a luta para que os profissionais de enfermagem tenham um tratamento ison\u00f4mico, e as dificuldades para alcan\u00e7ar tais objetivos. \u201cN\u00f3s gostar\u00edamos que n\u00e3o houvesse a necessidade de uma a\u00e7\u00e3o t\u00e3o incisiva do sindicato para ter um repouso minimamente decente. Sabemos que infelizmente as categorias n\u00e3o s\u00e3o tratadas de maneira ison\u00f4mica, e por conta disso, n\u00f3s temos que lutar para que o profissional de enfermagem seja reconhecido e valorizado\u201d, aponta.<\/p>\n<p style=\"text-align: justify\">Vale ressaltar que, apesar das adequa\u00e7\u00f5es e melhorias, o Hospital S\u00e3o Mateus ainda responde a\u00e7\u00e3o civil p\u00fablica na esfera judicial, por conta do atraso no pagamento dos sal\u00e1rios, al\u00e9m dos ind\u00edcios de ass\u00e9dio moral e desligamentos arbitr\u00e1rios de funcion\u00e1rios. O SindEnfermeiro continuar\u00e1 acompanhando todos os desdobramentos deste caso, e reitera seu papel na defesa da categoria e das boas condi\u00e7\u00f5es de trabalho dos profissionais.<\/p>\n","protected":false},"excerpt":{"rendered":"<p>Na manh\u00e3 desta ter\u00e7a (23), a presidente do Sindicato dos Enfermeiros do Distrito Federal (SindEnfermeiro-DF), Dayse Amar\u00edlio, esteve no Hospital S\u00e3o Mateus, para averiguar se a institui\u00e7\u00e3o cumpriu as determina\u00e7\u00f5es feitas pelo Minist\u00e9rio P\u00fablico do Trabalho (MPT-DF) ap\u00f3s vistoria do Centro de Refer\u00eancia em Sa\u00fade do Trabalhador (CEREST), depois que o sindicato denunciou as condi\u00e7\u00f5es [&hellip;]<\/p>\n","protected":false},"author":6,"featured_media":8770,"comment_status":"closed","ping_status":"closed","sticky":false,"template":"","format":"standard","meta":{"footnotes":""},"categories":[6,13],"tags":[109,135],"class_list":["post-8775","post","type-post","status-publish","format-standard","has-post-thumbnail","hentry","category-noticias","category-rede-privada","tag-fiscaliza-sindenfermeiro","tag-hospital-sao-mateus"],"_links":{"self":[{"href":"https:\/\/sindenfermeiro.com.br\/index.php\/wp-json\/wp\/v2\/posts\/8775","targetHints":{"allow":["GET"]}}],"collection":[{"href":"https:\/\/sindenfermeiro.com.br\/index.php\/wp-json\/wp\/v2\/posts"}],"about":[{"href":"https:\/\/sindenfermeiro.com.br\/index.php\/wp-json\/wp\/v2\/types\/post"}],"author":[{"embeddable":true,"href":"https:\/\/sindenfermeiro.com.br\/index.php\/wp-json\/wp\/v2\/users\/6"}],"replies":[{"embeddable":true,"href":"https:\/\/sindenfermeiro.com.br\/index.php\/wp-json\/wp\/v2\/comments?post=8775"}],"version-history":[{"count":1,"href":"https:\/\/sindenfermeiro.com.br\/index.php\/wp-json\/wp\/v2\/posts\/8775\/revisions"}],"predecessor-version":[{"id":36759,"href":"https:\/\/sindenfermeiro.com.br\/index.php\/wp-json\/wp\/v2\/posts\/8775\/revisions\/36759"}],"wp:featuredmedia":[{"embeddable":true,"href":"https:\/\/sindenfermeiro.com.br\/index.php\/wp-json\/"}],"wp:attachment":[{"href":"https:\/\/sindenfermeiro.com.br\/index.php\/wp-json\/wp\/v2\/media?parent=8775"}],"wp:term":[{"taxonomy":"category","embeddable":true,"href":"https:\/\/sindenfermeiro.com.br\/index.php\/wp-json\/wp\/v2\/categories?post=8775"},{"taxonomy":"post_tag","embeddable":true,"href":"https:\/\/sindenfermeiro.com.br\/index.php\/wp-json\/wp\/v2\/tags?post=8775"}],"curies":[{"name":"wp","href":"https:\/\/api.w.org\/{rel}","templated":true}]}}