{"id":871,"date":"2017-03-08T19:55:09","date_gmt":"2017-03-08T19:55:09","guid":{"rendered":"http:\/\/www.sindenfermeiro.com.br\/?p=871"},"modified":"2026-04-29T08:12:52","modified_gmt":"2026-04-29T11:12:52","slug":"portarias-77-e-78-sao-temas-de-reuniao-entre-sindenfermeiro-e-supervisores-de-enfermagem","status":"publish","type":"post","link":"https:\/\/sindenfermeiro.com.br\/index.php\/2017\/03\/08\/portarias-77-e-78-sao-temas-de-reuniao-entre-sindenfermeiro-e-supervisores-de-enfermagem\/","title":{"rendered":"Portarias 77 e 78 s\u00e3o temas de reuni\u00e3o entre SindEnfermeiro e supervisores de enfermagem"},"content":{"rendered":"<p style=\"text-align: justify\">Na tarde dessa quarta (8), o Sindicato dos Enfermeiros do Distrito Federal (SindEnfermeiro-DF) reuniu-se com supervisores de enfermagem dos Centros de Sa\u00fade para dialogar a respeito das portarias 77 e 78 de 2017, que reformulam a Aten\u00e7\u00e3o Prim\u00e1ria \u00e0 Sa\u00fade. O objetivo \u00e9 ouvir as demandas e sugest\u00f5es dos supervisores &#8211; que coordenam, no dia-a-dia, as equipes dos Centros de Sa\u00fade \u2013 para que a reformula\u00e7\u00e3o e o processo de transi\u00e7\u00e3o aconte\u00e7am sem prejudicar o atendimento prestado \u00e0 popula\u00e7\u00e3o e o servidor.<\/p>\n<p style=\"text-align: justify\">As quest\u00f5es levantadas no encontro dessa quarta ser\u00e3o pauta das pr\u00f3ximas reuni\u00f5es entre SindEnfermeiro e o Governo do Distrito Federal (GDF). Sexta (10), o sindicato re\u00fane-se com a equipe de Coordena\u00e7\u00e3o de Aten\u00e7\u00e3o Prim\u00e1ria \u00e0 Sa\u00fade, liderada por Marcus Quito, e as sugest\u00f5es elencadas pelos supervisores de enfermagem j\u00e1 ser\u00e3o abordadas nesse encontro.<\/p>\n<div id=\"attachment_872\" style=\"width: 910px\" class=\"wp-caption alignnone\"><img loading=\"lazy\" decoding=\"async\" aria-describedby=\"caption-attachment-872\" class=\"wp-image-872 size-medium\" src=\"http:\/\/www.sindenfermeiro.com.br\/wp-content\/uploads\/2017\/03\/WhatsApp-Image-2017-03-08-at-16.03.50-900x506.jpeg\" alt=\"WhatsApp Image 2017-03-08 at 16.03.50\" width=\"900\" height=\"506\" \/><p id=\"caption-attachment-872\" class=\"wp-caption-text\">Diretores do SindEnfermeiro e supervisores de enfermagem vestiram a camisa em homenagem ao Dia Internacional da Mulher<\/p><\/div>\n<p style=\"text-align: justify\">Dayse Amarilio, presidente do sindicato, chamou aten\u00e7\u00e3o para a relev\u00e2ncia da reuni\u00e3o com os supervisores.\u201dEsse encontro \u00e9 importante porque voc\u00eas (supervisores) s\u00e3o o elo de liga\u00e7\u00e3o entre o trabalhador, que est\u00e1 na lida todo dia, e o gestor. Por isso, queremos ouvir o que voc\u00eas t\u00eam a dizer\u201d, disse.<\/p>\n<p style=\"text-align: justify\">Jorge Henrique, diretor do sindicato, lembrou que a entidade \u00e9 a favor das melhorias e da reformula\u00e7\u00e3o. Por\u00e9m, o processo de transi\u00e7\u00e3o e estabelecimento do novo modelo n\u00e3o pode acontecer \u00e0s custas dos direitos conquistados pelo trabalhador, nem do aumento da precariza\u00e7\u00e3o do atendimento prestado.\u201cN\u00e3o podemos ficar no modelo tradicional porque ele est\u00e1 falido e \u00e9 uma porta aberta para a privatiza\u00e7\u00e3o da Sa\u00fade. Mas, se for pra fazer uma reestrutura\u00e7\u00e3o com o intuito de mexer nas gratifica\u00e7\u00f5es do servidor, por exemplo, n\u00f3s n\u00e3o queremos. Precisamos dialogar e chegar a uma alternativa em rela\u00e7\u00e3o a isso\u201d, explica Jorge.<\/p>\n<p style=\"text-align: justify\"><img loading=\"lazy\" decoding=\"async\" class=\"alignnone size-medium wp-image-873\" src=\"http:\/\/www.sindenfermeiro.com.br\/wp-content\/uploads\/2017\/03\/WhatsApp-Image-2017-03-08-at-16.03.49-900x506.jpeg\" alt=\"WhatsApp Image 2017-03-08 at 16.03.49\" width=\"900\" height=\"506\" \/><\/p>\n","protected":false},"excerpt":{"rendered":"<p>Na tarde dessa quarta (8), o Sindicato dos Enfermeiros do Distrito Federal (SindEnfermeiro-DF) reuniu-se com supervisores de enfermagem dos Centros de Sa\u00fade para dialogar a respeito das portarias 77 e 78 de 2017, que reformulam a Aten\u00e7\u00e3o Prim\u00e1ria \u00e0 Sa\u00fade. O objetivo \u00e9 ouvir as demandas e sugest\u00f5es dos supervisores &#8211; que coordenam, no dia-a-dia, [&hellip;]<\/p>\n","protected":false},"author":6,"featured_media":873,"comment_status":"closed","ping_status":"closed","sticky":false,"template":"","format":"standard","meta":{"footnotes":""},"categories":[6,2],"tags":[],"class_list":["post-871","post","type-post","status-publish","format-standard","has-post-thumbnail","hentry","category-noticias","category-teste"],"_links":{"self":[{"href":"https:\/\/sindenfermeiro.com.br\/index.php\/wp-json\/wp\/v2\/posts\/871","targetHints":{"allow":["GET"]}}],"collection":[{"href":"https:\/\/sindenfermeiro.com.br\/index.php\/wp-json\/wp\/v2\/posts"}],"about":[{"href":"https:\/\/sindenfermeiro.com.br\/index.php\/wp-json\/wp\/v2\/types\/post"}],"author":[{"embeddable":true,"href":"https:\/\/sindenfermeiro.com.br\/index.php\/wp-json\/wp\/v2\/users\/6"}],"replies":[{"embeddable":true,"href":"https:\/\/sindenfermeiro.com.br\/index.php\/wp-json\/wp\/v2\/comments?post=871"}],"version-history":[{"count":1,"href":"https:\/\/sindenfermeiro.com.br\/index.php\/wp-json\/wp\/v2\/posts\/871\/revisions"}],"predecessor-version":[{"id":33022,"href":"https:\/\/sindenfermeiro.com.br\/index.php\/wp-json\/wp\/v2\/posts\/871\/revisions\/33022"}],"wp:featuredmedia":[{"embeddable":true,"href":"https:\/\/sindenfermeiro.com.br\/index.php\/wp-json\/"}],"wp:attachment":[{"href":"https:\/\/sindenfermeiro.com.br\/index.php\/wp-json\/wp\/v2\/media?parent=871"}],"wp:term":[{"taxonomy":"category","embeddable":true,"href":"https:\/\/sindenfermeiro.com.br\/index.php\/wp-json\/wp\/v2\/categories?post=871"},{"taxonomy":"post_tag","embeddable":true,"href":"https:\/\/sindenfermeiro.com.br\/index.php\/wp-json\/wp\/v2\/tags?post=871"}],"curies":[{"name":"wp","href":"https:\/\/api.w.org\/{rel}","templated":true}]}}