{"id":867,"date":"2017-03-08T18:43:14","date_gmt":"2017-03-08T18:43:14","guid":{"rendered":"http:\/\/www.sindenfermeiro.com.br\/?p=867"},"modified":"2026-04-29T08:08:28","modified_gmt":"2026-04-29T11:08:28","slug":"867","status":"publish","type":"post","link":"https:\/\/sindenfermeiro.com.br\/index.php\/2017\/03\/08\/867\/","title":{"rendered":"Dia da Mulher"},"content":{"rendered":"<p>Mulheres e Enfermeiras, o SindEnfermeiro parabeniza cada uma de voc\u00eas pela for\u00e7a que empregam em cada fun\u00e7\u00e3o que possam desempenhar.\u00a0As vit\u00f3rias s\u00f3 s\u00e3o poss\u00edveis com a participa\u00e7\u00e3o de voc\u00eas. O SindEnfermeiro acredita que uma sa\u00fade de qualidade s\u00f3 se faz com enfermeiras\u00a0valorizadas.<\/p>\n<p>Juntas Somos Mais Fortes!<\/p>\n<p><img loading=\"lazy\" decoding=\"async\" class=\"alignnone size-medium wp-image-868\" src=\"http:\/\/www.sindenfermeiro.com.br\/wp-content\/uploads\/2017\/03\/2017-03-08-PHOTO-00000078-693x900.jpg\" alt=\"2017-03-08-PHOTO-00000078\" width=\"693\" height=\"900\" \/><\/p>\n","protected":false},"excerpt":{"rendered":"<p>Mulheres e Enfermeiras, o SindEnfermeiro parabeniza cada uma de voc\u00eas pela for\u00e7a que empregam em cada fun\u00e7\u00e3o que possam desempenhar.\u00a0As vit\u00f3rias s\u00f3 s\u00e3o poss\u00edveis com a participa\u00e7\u00e3o de voc\u00eas. O SindEnfermeiro acredita que uma sa\u00fade de qualidade s\u00f3 se faz com enfermeiras\u00a0valorizadas. Juntas Somos Mais Fortes!<\/p>\n","protected":false},"author":6,"featured_media":868,"comment_status":"closed","ping_status":"closed","sticky":false,"template":"","format":"standard","meta":{"footnotes":""},"categories":[6,2],"tags":[],"class_list":["post-867","post","type-post","status-publish","format-standard","has-post-thumbnail","hentry","category-noticias","category-teste"],"_links":{"self":[{"href":"https:\/\/sindenfermeiro.com.br\/index.php\/wp-json\/wp\/v2\/posts\/867","targetHints":{"allow":["GET"]}}],"collection":[{"href":"https:\/\/sindenfermeiro.com.br\/index.php\/wp-json\/wp\/v2\/posts"}],"about":[{"href":"https:\/\/sindenfermeiro.com.br\/index.php\/wp-json\/wp\/v2\/types\/post"}],"author":[{"embeddable":true,"href":"https:\/\/sindenfermeiro.com.br\/index.php\/wp-json\/wp\/v2\/users\/6"}],"replies":[{"embeddable":true,"href":"https:\/\/sindenfermeiro.com.br\/index.php\/wp-json\/wp\/v2\/comments?post=867"}],"version-history":[{"count":1,"href":"https:\/\/sindenfermeiro.com.br\/index.php\/wp-json\/wp\/v2\/posts\/867\/revisions"}],"predecessor-version":[{"id":33021,"href":"https:\/\/sindenfermeiro.com.br\/index.php\/wp-json\/wp\/v2\/posts\/867\/revisions\/33021"}],"wp:featuredmedia":[{"embeddable":true,"href":"https:\/\/sindenfermeiro.com.br\/index.php\/wp-json\/"}],"wp:attachment":[{"href":"https:\/\/sindenfermeiro.com.br\/index.php\/wp-json\/wp\/v2\/media?parent=867"}],"wp:term":[{"taxonomy":"category","embeddable":true,"href":"https:\/\/sindenfermeiro.com.br\/index.php\/wp-json\/wp\/v2\/categories?post=867"},{"taxonomy":"post_tag","embeddable":true,"href":"https:\/\/sindenfermeiro.com.br\/index.php\/wp-json\/wp\/v2\/tags?post=867"}],"curies":[{"name":"wp","href":"https:\/\/api.w.org\/{rel}","templated":true}]}}