{"id":8605,"date":"2019-07-09T13:37:29","date_gmt":"2019-07-09T13:37:29","guid":{"rendered":"http:\/\/www.sindenfermeiro.com.br\/?p=8605"},"modified":"2026-04-26T22:03:49","modified_gmt":"2026-04-27T01:03:49","slug":"sindenfermeiro-participa-da-abertura-do-seminario-de-aprimoramento-em-enfermagem-obstetrica","status":"publish","type":"post","link":"https:\/\/sindenfermeiro.com.br\/index.php\/2019\/07\/09\/sindenfermeiro-participa-da-abertura-do-seminario-de-aprimoramento-em-enfermagem-obstetrica\/","title":{"rendered":"SindEnfermeiro participa da abertura do Semin\u00e1rio de Aprimoramento em Enfermagem Obst\u00e9trica"},"content":{"rendered":"<style type=\"text\/css\">\n#foogallery-gallery-8607 .fg-image { width: 640px; }<\/style>\n\t\t\t<div class=\"foogallery foogallery-container foogallery-image-viewer foogallery-link-image foogallery-lightbox-none fg-center fg-image-viewer fg-ready fg-light fg-border-thin fg-shadow-outline fg-loading-default fg-loaded-fade-in fg-caption-hover fg-hover-fade fg-hover-zoom\" id=\"foogallery-gallery-8607\" data-foogallery=\"{&quot;item&quot;:{&quot;showCaptionTitle&quot;:true,&quot;showCaptionDescription&quot;:true},&quot;lazy&quot;:true,&quot;template&quot;:{&quot;loop&quot;:true}}\" style=\"--fg-title-line-clamp: 0; --fg-description-line-clamp: 0;\" >\n\t<div class=\"fiv-inner\">\n\t\t<div class=\"fiv-inner-container\">\n\t\t\t\t\t<\/div>\n\t\t<div class=\"fiv-ctrls\">\n\t\t\t<button type=\"button\" class=\"fiv-prev\" title=\"Prev\"><span>Prev<\/span><\/button>\n\t\t\t<label class=\"fiv-count\"><span class=\"fiv-count-current\">1<\/span>of<span class=\"fiv-count-total\">19<\/span><\/label>\n\t\t\t<button type=\"button\" class=\"fiv-next\" title=\"Next\"><span>Next<\/span><\/button>\n\t\t<\/div>\n\t<\/div>\n<\/div>\n<p style=\"text-align: justify\">O diretor do Sindicato dos Enfermeiros do Distrito Federal (SindEnfermeiro-DF), Adriano Lim\u00edrio, participou na manh\u00e3 desta segunda-feira (08), da abertura do Semin\u00e1rio de Aprimoramento em Enfermagem Obst\u00e9trica. O evento aconteceu no Hospital Materno Infantil de Bras\u00edlia (HMIB) e contou com uma s\u00e9rie de palestras sobre enfermagem obst\u00e9trica e assist\u00eancia ao parto.<\/p>\n","protected":false},"excerpt":{"rendered":"<p>O diretor do Sindicato dos Enfermeiros do Distrito Federal (SindEnfermeiro-DF), Adriano Lim\u00edrio, participou na manh\u00e3 desta segunda-feira (08), da abertura do Semin\u00e1rio de Aprimoramento em Enfermagem Obst\u00e9trica. O evento aconteceu no Hospital Materno Infantil de Bras\u00edlia (HMIB) e contou com uma s\u00e9rie de palestras sobre enfermagem obst\u00e9trica e assist\u00eancia ao parto.<\/p>\n","protected":false},"author":6,"featured_media":8617,"comment_status":"closed","ping_status":"closed","sticky":false,"template":"","format":"standard","meta":{"footnotes":""},"categories":[6,5],"tags":[],"class_list":["post-8605","post","type-post","status-publish","format-standard","has-post-thumbnail","hentry","category-noticias","category-rede-publica"],"_links":{"self":[{"href":"https:\/\/sindenfermeiro.com.br\/index.php\/wp-json\/wp\/v2\/posts\/8605","targetHints":{"allow":["GET"]}}],"collection":[{"href":"https:\/\/sindenfermeiro.com.br\/index.php\/wp-json\/wp\/v2\/posts"}],"about":[{"href":"https:\/\/sindenfermeiro.com.br\/index.php\/wp-json\/wp\/v2\/types\/post"}],"author":[{"embeddable":true,"href":"https:\/\/sindenfermeiro.com.br\/index.php\/wp-json\/wp\/v2\/users\/6"}],"replies":[{"embeddable":true,"href":"https:\/\/sindenfermeiro.com.br\/index.php\/wp-json\/wp\/v2\/comments?post=8605"}],"version-history":[{"count":1,"href":"https:\/\/sindenfermeiro.com.br\/index.php\/wp-json\/wp\/v2\/posts\/8605\/revisions"}],"predecessor-version":[{"id":36980,"href":"https:\/\/sindenfermeiro.com.br\/index.php\/wp-json\/wp\/v2\/posts\/8605\/revisions\/36980"}],"wp:featuredmedia":[{"embeddable":true,"href":"https:\/\/sindenfermeiro.com.br\/index.php\/wp-json\/"}],"wp:attachment":[{"href":"https:\/\/sindenfermeiro.com.br\/index.php\/wp-json\/wp\/v2\/media?parent=8605"}],"wp:term":[{"taxonomy":"category","embeddable":true,"href":"https:\/\/sindenfermeiro.com.br\/index.php\/wp-json\/wp\/v2\/categories?post=8605"},{"taxonomy":"post_tag","embeddable":true,"href":"https:\/\/sindenfermeiro.com.br\/index.php\/wp-json\/wp\/v2\/tags?post=8605"}],"curies":[{"name":"wp","href":"https:\/\/api.w.org\/{rel}","templated":true}]}}