{"id":8603,"date":"2019-07-05T18:26:33","date_gmt":"2019-07-05T18:26:33","guid":{"rendered":"http:\/\/www.sindenfermeiro.com.br\/?p=8603"},"modified":"2026-04-26T17:53:27","modified_gmt":"2026-04-26T20:53:27","slug":"diretores-do-sindenfermeiro-entregam-act-para-direcao-do-ihbdf","status":"publish","type":"post","link":"https:\/\/sindenfermeiro.com.br\/index.php\/2019\/07\/05\/diretores-do-sindenfermeiro-entregam-act-para-direcao-do-ihbdf\/","title":{"rendered":"Diretores do SindEnfermeiro entregam ACT para dire\u00e7\u00e3o do IHBDF"},"content":{"rendered":"<style type=\"text\/css\">\n#foogallery-gallery-8586 .fg-image { width: 640px; }<\/style>\n\t\t\t<div class=\"foogallery foogallery-container foogallery-image-viewer foogallery-link-image foogallery-lightbox-none fg-center fg-image-viewer fg-ready fg-light fg-border-thin fg-shadow-outline fg-loading-default fg-loaded-fade-in fg-caption-hover fg-hover-fade fg-hover-zoom\" id=\"foogallery-gallery-8586\" data-foogallery=\"{&quot;item&quot;:{&quot;showCaptionTitle&quot;:true,&quot;showCaptionDescription&quot;:true},&quot;lazy&quot;:true,&quot;template&quot;:{&quot;loop&quot;:true}}\" style=\"--fg-title-line-clamp: 0; --fg-description-line-clamp: 0;\" >\n\t<div class=\"fiv-inner\">\n\t\t<div class=\"fiv-inner-container\">\n\t\t\t\t\t<\/div>\n\t\t<div class=\"fiv-ctrls\">\n\t\t\t<button type=\"button\" class=\"fiv-prev\" title=\"Prev\"><span>Prev<\/span><\/button>\n\t\t\t<label class=\"fiv-count\"><span class=\"fiv-count-current\">1<\/span>of<span class=\"fiv-count-total\">15<\/span><\/label>\n\t\t\t<button type=\"button\" class=\"fiv-next\" title=\"Next\"><span>Next<\/span><\/button>\n\t\t<\/div>\n\t<\/div>\n<\/div>\n<p>Os diretores do Sindicato dos Enfermeiros do Distrito Federal (SindEnfermeiro-DF), Tarc\u00edsio Faria, M\u00e1rcio da Mata e Adriano Lim\u00edrio e a advogada do sindicado, Adressa Lago, estiveram presentes na manh\u00e3 desta sexta (05), para entregar o Acordo Coletivo de Trabalho (ACT) \u00e0 dire\u00e7\u00e3o do Instituto Hospital de Base do DF (IHBDF).<\/p>\n<p>No dia 03 de junho, o SindEnfermeiro realizou uma assembleia geral com os enfermeiros do IHBDF, para discutir sobre a elabora\u00e7\u00e3o do acordo coletivo de trabalho e trazer as reivindica\u00e7\u00f5es dos profissionais. Na reuni\u00e3o, foram tratados pontos considerados cr\u00edticos, como o dimensionamento de pessoal, as trocas de plant\u00e3o e os aux\u00edlios, como sa\u00fade e alimenta\u00e7\u00e3o. Outras pautas como o banco de horas, repouso dos profissionais, reajuste salarial e o adicional de insalubridade tamb\u00e9m foram abordados.<\/p>\n<p>Para Tarcisio Faria, o acordo trabalhista \u00e9 \u201cum passo importante para os trabalhadores da institui\u00e7\u00e3o, uma vez que ele garantiu muitos direitos trabalhistas que n\u00e3o eram garantidos aos enfermeiros do IHBDF\u201d. O ACT apresentado \u00e0 dire\u00e7\u00e3o do IHBDF foi constru\u00eddo com a participa\u00e7\u00e3o dos trabalhadores presentes na assembleia de junho. O diretor tamb\u00e9m reiterou que o papel do sindicato na fiscaliza\u00e7\u00e3o das condi\u00e7\u00f5es de trabalho dos enfermeiros do hospital. \u201cO SindEnfermeiro continuar\u00e1 acompanhando de perto e mantendo as negocia\u00e7\u00f5es em prol do trabalhador, sempre!\u201d, finaliza.<\/p>\n","protected":false},"excerpt":{"rendered":"<p>Os diretores do Sindicato dos Enfermeiros do Distrito Federal (SindEnfermeiro-DF), Tarc\u00edsio Faria, M\u00e1rcio da Mata e Adriano Lim\u00edrio e a advogada do sindicado, Adressa Lago, estiveram presentes na manh\u00e3 desta sexta (05), para entregar o Acordo Coletivo de Trabalho (ACT) \u00e0 dire\u00e7\u00e3o do Instituto Hospital de Base do DF (IHBDF). No dia 03 de junho, [&hellip;]<\/p>\n","protected":false},"author":6,"featured_media":8599,"comment_status":"closed","ping_status":"closed","sticky":false,"template":"","format":"standard","meta":{"footnotes":""},"categories":[6,13,5],"tags":[7,58,21],"class_list":["post-8603","post","type-post","status-publish","format-standard","has-post-thumbnail","hentry","category-noticias","category-rede-privada","category-rede-publica","tag-enfermagem","tag-ihbdf","tag-sindenfermeiro"],"_links":{"self":[{"href":"https:\/\/sindenfermeiro.com.br\/index.php\/wp-json\/wp\/v2\/posts\/8603","targetHints":{"allow":["GET"]}}],"collection":[{"href":"https:\/\/sindenfermeiro.com.br\/index.php\/wp-json\/wp\/v2\/posts"}],"about":[{"href":"https:\/\/sindenfermeiro.com.br\/index.php\/wp-json\/wp\/v2\/types\/post"}],"author":[{"embeddable":true,"href":"https:\/\/sindenfermeiro.com.br\/index.php\/wp-json\/wp\/v2\/users\/6"}],"replies":[{"embeddable":true,"href":"https:\/\/sindenfermeiro.com.br\/index.php\/wp-json\/wp\/v2\/comments?post=8603"}],"version-history":[{"count":1,"href":"https:\/\/sindenfermeiro.com.br\/index.php\/wp-json\/wp\/v2\/posts\/8603\/revisions"}],"predecessor-version":[{"id":18181,"href":"https:\/\/sindenfermeiro.com.br\/index.php\/wp-json\/wp\/v2\/posts\/8603\/revisions\/18181"}],"wp:featuredmedia":[{"embeddable":true,"href":"https:\/\/sindenfermeiro.com.br\/index.php\/wp-json\/"}],"wp:attachment":[{"href":"https:\/\/sindenfermeiro.com.br\/index.php\/wp-json\/wp\/v2\/media?parent=8603"}],"wp:term":[{"taxonomy":"category","embeddable":true,"href":"https:\/\/sindenfermeiro.com.br\/index.php\/wp-json\/wp\/v2\/categories?post=8603"},{"taxonomy":"post_tag","embeddable":true,"href":"https:\/\/sindenfermeiro.com.br\/index.php\/wp-json\/wp\/v2\/tags?post=8603"}],"curies":[{"name":"wp","href":"https:\/\/api.w.org\/{rel}","templated":true}]}}