{"id":859,"date":"2017-03-07T15:22:23","date_gmt":"2017-03-07T15:22:23","guid":{"rendered":"http:\/\/www.sindenfermeiro.com.br\/?p=859"},"modified":"2026-04-29T08:11:53","modified_gmt":"2026-04-29T11:11:53","slug":"sindenfermeiro-reune-se-com-coordenador-de-atencao-primaria-a-saude","status":"publish","type":"post","link":"https:\/\/sindenfermeiro.com.br\/index.php\/2017\/03\/07\/sindenfermeiro-reune-se-com-coordenador-de-atencao-primaria-a-saude\/","title":{"rendered":"SindEnfermeiro re\u00fane-se com coordenador de Aten\u00e7\u00e3o Prim\u00e1ria \u00e0 Sa\u00fade"},"content":{"rendered":"<p style=\"text-align: justify\">Na manh\u00e3 dessa ter\u00e7a (7), diretores do Sindicato dos Enfermeiros do Distrito Federal (SindEnfermeiro-DF) reuniram-se com o coordenador de\u00a0Aten\u00e7\u00e3o Prim\u00e1ria\u00a0\u00e0\u00a0Sa\u00fade, Marcus Quito, para tratarem a respeito das Portarias 77 e 78 de 2017, que estabelece e regulamenta a reformula\u00e7\u00e3o da Aten\u00e7\u00e3o Prim\u00e1ria \u00e0 Sa\u00fade, respectivamente. O encontro aconteceu em semin\u00e1rio, realizado na Funda\u00e7\u00e3o de Ensino e Pesquisa em Ci\u00eancias da Sa\u00fade\u00a0(Fepecs).<\/p>\n<p style=\"text-align: justify\">Dayse Amarilio e Tarcisio Faria, presidente e diretor do SindEnfermeiro respectivamente, reafirmaram a posi\u00e7\u00e3o do sindicato &#8211; que \u00e9 favor\u00e1vel \u00e0s melhorias na Sa\u00fade do Distrito Federal -, mas solicitaram que o espa\u00e7o para discuss\u00f5es seja garantido no processo de implementa\u00e7\u00e3o das portarias. Umas das reivindica\u00e7\u00f5es \u00e9 que a Gratifica\u00e7\u00e3o\u00a0de Condi\u00e7\u00e3o Especial de Trabalho (GCET), dentre outros direitos, seja mantida para servidores que optarem por fazer parte das equipes de transi\u00e7\u00e3o.<\/p>\n<p style=\"text-align: justify\">Uma nova reuni\u00e3o \u2013 proposta por Marcus Quito &#8211; acontece \u00e0s 8h da pr\u00f3xima sexta (10), na Secretaria de Sa\u00fade do DF, com participa\u00e7\u00e3o da equipe de Coordena\u00e7\u00e3o de Aten\u00e7\u00e3o Prim\u00e1ria \u00e0 Sa\u00fade.<\/p>\n<div id=\"attachment_861\" style=\"width: 910px\" class=\"wp-caption alignnone\"><img loading=\"lazy\" decoding=\"async\" aria-describedby=\"caption-attachment-861\" class=\"size-medium wp-image-861\" src=\"http:\/\/www.sindenfermeiro.com.br\/wp-content\/uploads\/2017\/03\/WhatsApp-Image-2017-03-07-at-11.24.34-900x506.jpeg\" alt=\"Marcus Quito (E), coordenador de Aten\u00e7\u00e3o Prim\u00e1ria \u00e0 Sa\u00fade, Dayse Amarilio, presidente do SindEnfermeiro e Tarcisio Faria, diretor do sindicato \" width=\"900\" height=\"506\" \/><p id=\"caption-attachment-861\" class=\"wp-caption-text\">Marcus Quito (E), coordenador de Aten\u00e7\u00e3o Prim\u00e1ria \u00e0 Sa\u00fade, Dayse Amarilio, presidente do SindEnfermeiro e Tarcisio Faria, diretor do sindicato<\/p><\/div>\n","protected":false},"excerpt":{"rendered":"<p>Na manh\u00e3 dessa ter\u00e7a (7), diretores do Sindicato dos Enfermeiros do Distrito Federal (SindEnfermeiro-DF) reuniram-se com o coordenador de\u00a0Aten\u00e7\u00e3o Prim\u00e1ria\u00a0\u00e0\u00a0Sa\u00fade, Marcus Quito, para tratarem a respeito das Portarias 77 e 78 de 2017, que estabelece e regulamenta a reformula\u00e7\u00e3o da Aten\u00e7\u00e3o Prim\u00e1ria \u00e0 Sa\u00fade, respectivamente. O encontro aconteceu em semin\u00e1rio, realizado na Funda\u00e7\u00e3o de Ensino [&hellip;]<\/p>\n","protected":false},"author":6,"featured_media":861,"comment_status":"closed","ping_status":"closed","sticky":false,"template":"","format":"standard","meta":{"footnotes":""},"categories":[6,2],"tags":[],"class_list":["post-859","post","type-post","status-publish","format-standard","has-post-thumbnail","hentry","category-noticias","category-teste"],"_links":{"self":[{"href":"https:\/\/sindenfermeiro.com.br\/index.php\/wp-json\/wp\/v2\/posts\/859","targetHints":{"allow":["GET"]}}],"collection":[{"href":"https:\/\/sindenfermeiro.com.br\/index.php\/wp-json\/wp\/v2\/posts"}],"about":[{"href":"https:\/\/sindenfermeiro.com.br\/index.php\/wp-json\/wp\/v2\/types\/post"}],"author":[{"embeddable":true,"href":"https:\/\/sindenfermeiro.com.br\/index.php\/wp-json\/wp\/v2\/users\/6"}],"replies":[{"embeddable":true,"href":"https:\/\/sindenfermeiro.com.br\/index.php\/wp-json\/wp\/v2\/comments?post=859"}],"version-history":[{"count":1,"href":"https:\/\/sindenfermeiro.com.br\/index.php\/wp-json\/wp\/v2\/posts\/859\/revisions"}],"predecessor-version":[{"id":33020,"href":"https:\/\/sindenfermeiro.com.br\/index.php\/wp-json\/wp\/v2\/posts\/859\/revisions\/33020"}],"wp:featuredmedia":[{"embeddable":true,"href":"https:\/\/sindenfermeiro.com.br\/index.php\/wp-json\/"}],"wp:attachment":[{"href":"https:\/\/sindenfermeiro.com.br\/index.php\/wp-json\/wp\/v2\/media?parent=859"}],"wp:term":[{"taxonomy":"category","embeddable":true,"href":"https:\/\/sindenfermeiro.com.br\/index.php\/wp-json\/wp\/v2\/categories?post=859"},{"taxonomy":"post_tag","embeddable":true,"href":"https:\/\/sindenfermeiro.com.br\/index.php\/wp-json\/wp\/v2\/tags?post=859"}],"curies":[{"name":"wp","href":"https:\/\/api.w.org\/{rel}","templated":true}]}}