{"id":8574,"date":"2019-07-03T18:51:24","date_gmt":"2019-07-03T18:51:24","guid":{"rendered":"http:\/\/www.sindenfermeiro.com.br\/?p=8574"},"modified":"2026-04-26T17:55:52","modified_gmt":"2026-04-26T20:55:52","slug":"stf-suspende-lei-estadual-do-rio-de-janeiro-que-limitava-em-30-horas-semanais-jornada-de-trabalho-para-profissionais-da-enfermagem","status":"publish","type":"post","link":"https:\/\/sindenfermeiro.com.br\/index.php\/2019\/07\/03\/stf-suspende-lei-estadual-do-rio-de-janeiro-que-limitava-em-30-horas-semanais-jornada-de-trabalho-para-profissionais-da-enfermagem\/","title":{"rendered":"STF suspende lei estadual do Rio de Janeiro que limitava em 30 horas semanais jornada de trabalho para profissionais da enfermagem"},"content":{"rendered":"<p style=\"text-align: justify\">No \u00faltimo dia 25 de junho de 2019, o ministro do Supremo Tribunal Federal (STF), Alexandre de Moraes, suspendeu a Lei n\u00ba 8.315\/2019, do Rio de Janeiro, que trata da jornada de trabalho de trabalho de enfermeiros, t\u00e9cnicos e auxiliares de enfermagem do estado. Segundo a decis\u00e3o do STF, a lei estadual n\u00e3o pode disciplinar jornada de trabalho, pois essa seria uma atribui\u00e7\u00e3o exclusiva da Uni\u00e3o &#8211; legislar sobre o tema. A Corte tamb\u00e9m invalidou recentemente uma lei similar no estado de Rond\u00f4nia.<\/p>\n<p style=\"text-align: justify\">Diante dessa realidade se d\u00e1 a import\u00e2ncia da luta cont\u00ednua do Sindicato dos Enfermeiros do Distrito Federal (SindEnfermeiro-DF) pela aprova\u00e7\u00e3o do Projeto de Lei n\u00ba\u00a0 2295\/2000, que tramita da C\u00e2mara dos Deputados, e determina em 30 horas semanais a jornada para enfermeiros, t\u00e9cnicos e auxiliares de enfermagem. O projeto j\u00e1 foi aprovado pelo Senado e precisa da aprova\u00e7\u00e3o do Plen\u00e1rio da C\u00e2mara.<\/p>\n<p style=\"text-align: justify\">No dia 16 de abril, o SindEnfermeiro participou de audi\u00eancia p\u00fablica na Comiss\u00e3o de Legisla\u00e7\u00e3o Participativa da Casa, a inten\u00e7\u00e3o foi pedir a aprova\u00e7\u00e3o do projeto e chamar a aten\u00e7\u00e3o para a realidade dos profissionais da enfermagem. Por isso, \u00e9 preciso sensibilizar os parlamentares para que pleiteiem junto ao presidente da C\u00e2mara, Rodrigo Maia, a inclus\u00e3o do Projeto na pauta de vota\u00e7\u00e3o.<\/p>\n<p style=\"text-align: justify\">\u00c9 muito importante a participa\u00e7\u00e3o de toda a categoria na luta por melhores condi\u00e7\u00f5es de trabalho para os profissionais de enfermagem, pois somos submetidos a longas jornadas e baixos sal\u00e1rios. \u00c9 preciso estarmos juntos e pressionarmos os parlamentares!<\/p>\n","protected":false},"excerpt":{"rendered":"<p>No \u00faltimo dia 25 de junho de 2019, o ministro do Supremo Tribunal Federal (STF), Alexandre de Moraes, suspendeu a Lei n\u00ba 8.315\/2019, do Rio de Janeiro, que trata da jornada de trabalho de trabalho de enfermeiros, t\u00e9cnicos e auxiliares de enfermagem do estado. Segundo a decis\u00e3o do STF, a lei estadual n\u00e3o pode disciplinar [&hellip;]<\/p>\n","protected":false},"author":6,"featured_media":8575,"comment_status":"closed","ping_status":"closed","sticky":false,"template":"","format":"standard","meta":{"footnotes":""},"categories":[6,13],"tags":[],"class_list":["post-8574","post","type-post","status-publish","format-standard","has-post-thumbnail","hentry","category-noticias","category-rede-privada"],"_links":{"self":[{"href":"https:\/\/sindenfermeiro.com.br\/index.php\/wp-json\/wp\/v2\/posts\/8574","targetHints":{"allow":["GET"]}}],"collection":[{"href":"https:\/\/sindenfermeiro.com.br\/index.php\/wp-json\/wp\/v2\/posts"}],"about":[{"href":"https:\/\/sindenfermeiro.com.br\/index.php\/wp-json\/wp\/v2\/types\/post"}],"author":[{"embeddable":true,"href":"https:\/\/sindenfermeiro.com.br\/index.php\/wp-json\/wp\/v2\/users\/6"}],"replies":[{"embeddable":true,"href":"https:\/\/sindenfermeiro.com.br\/index.php\/wp-json\/wp\/v2\/comments?post=8574"}],"version-history":[{"count":1,"href":"https:\/\/sindenfermeiro.com.br\/index.php\/wp-json\/wp\/v2\/posts\/8574\/revisions"}],"predecessor-version":[{"id":18182,"href":"https:\/\/sindenfermeiro.com.br\/index.php\/wp-json\/wp\/v2\/posts\/8574\/revisions\/18182"}],"wp:featuredmedia":[{"embeddable":true,"href":"https:\/\/sindenfermeiro.com.br\/index.php\/wp-json\/"}],"wp:attachment":[{"href":"https:\/\/sindenfermeiro.com.br\/index.php\/wp-json\/wp\/v2\/media?parent=8574"}],"wp:term":[{"taxonomy":"category","embeddable":true,"href":"https:\/\/sindenfermeiro.com.br\/index.php\/wp-json\/wp\/v2\/categories?post=8574"},{"taxonomy":"post_tag","embeddable":true,"href":"https:\/\/sindenfermeiro.com.br\/index.php\/wp-json\/wp\/v2\/tags?post=8574"}],"curies":[{"name":"wp","href":"https:\/\/api.w.org\/{rel}","templated":true}]}}