{"id":8564,"date":"2019-07-01T15:06:00","date_gmt":"2019-07-01T15:06:00","guid":{"rendered":"http:\/\/www.sindenfermeiro.com.br\/?p=8564"},"modified":"2026-04-26T17:52:28","modified_gmt":"2026-04-26T20:52:28","slug":"inss-realiza-treinamento-com-funcionarios-do-sindenfermeiro","status":"publish","type":"post","link":"https:\/\/sindenfermeiro.com.br\/index.php\/2019\/07\/01\/inss-realiza-treinamento-com-funcionarios-do-sindenfermeiro\/","title":{"rendered":"INSS realiza treinamento com funcion\u00e1rios do SindEnfermeiro"},"content":{"rendered":"<p>Na \u00faltima sexta (28), os funcion\u00e1rios do SindEnfermeiro-DF passaram por um treinamento com o representante do Servi\u00e7o de Atendimento do INSS no Distrito Federal, Robson Braga, para aprender sobre os servi\u00e7os que ser\u00e3o oferecidos e a lidar com o sistema do \u00f3rg\u00e3o.<\/p>\n<p>A partir do dia 12 de julho, os filiados ao SindEnfermeiro poder\u00e3o fazer requerimentos de servi\u00e7os do INSS, assim como acompanh\u00e1-los em tempo real, sem precisar comparecer nos postos de atendimento do \u00f3rg\u00e3o.<\/p>\n<p>Entre os servi\u00e7os dispon\u00edveis estar\u00e3o: solicita\u00e7\u00e3o de aposentadoria por idade, aposentadoria por tempo de contribui\u00e7\u00e3o, pens\u00e3o por morte, aux\u00edlio reclus\u00e3o, sal\u00e1rio maternidade, certid\u00e3o de tempo de contribui\u00e7\u00e3o, extratos previdenci\u00e1rios, revis\u00f5es de benef\u00edcios, dentre outros.<\/p>\n<p>Para agendar um atendimento \u00e9 s\u00f3 ligar no telefone 3447-9697 e marcar um hor\u00e1rio e aproveitar mais esse novidade do SindEnfermeiro para nossos sindicalizados.<\/p>\n","protected":false},"excerpt":{"rendered":"<p>Na \u00faltima sexta (28), os funcion\u00e1rios do SindEnfermeiro-DF passaram por um treinamento com o representante do Servi\u00e7o de Atendimento do INSS no Distrito Federal, Robson Braga, para aprender sobre os servi\u00e7os que ser\u00e3o oferecidos e a lidar com o sistema do \u00f3rg\u00e3o. A partir do dia 12 de julho, os filiados ao SindEnfermeiro poder\u00e3o fazer [&hellip;]<\/p>\n","protected":false},"author":6,"featured_media":8563,"comment_status":"closed","ping_status":"closed","sticky":false,"template":"","format":"standard","meta":{"footnotes":""},"categories":[6,13,5],"tags":[302,7,127,46,47,21],"class_list":["post-8564","post","type-post","status-publish","format-standard","has-post-thumbnail","hentry","category-noticias","category-rede-privada","category-rede-publica","tag-acordo","tag-enfermagem","tag-inss","tag-rede-privada","tag-rede-publica","tag-sindenfermeiro"],"_links":{"self":[{"href":"https:\/\/sindenfermeiro.com.br\/index.php\/wp-json\/wp\/v2\/posts\/8564","targetHints":{"allow":["GET"]}}],"collection":[{"href":"https:\/\/sindenfermeiro.com.br\/index.php\/wp-json\/wp\/v2\/posts"}],"about":[{"href":"https:\/\/sindenfermeiro.com.br\/index.php\/wp-json\/wp\/v2\/types\/post"}],"author":[{"embeddable":true,"href":"https:\/\/sindenfermeiro.com.br\/index.php\/wp-json\/wp\/v2\/users\/6"}],"replies":[{"embeddable":true,"href":"https:\/\/sindenfermeiro.com.br\/index.php\/wp-json\/wp\/v2\/comments?post=8564"}],"version-history":[{"count":1,"href":"https:\/\/sindenfermeiro.com.br\/index.php\/wp-json\/wp\/v2\/posts\/8564\/revisions"}],"predecessor-version":[{"id":29464,"href":"https:\/\/sindenfermeiro.com.br\/index.php\/wp-json\/wp\/v2\/posts\/8564\/revisions\/29464"}],"wp:featuredmedia":[{"embeddable":true,"href":"https:\/\/sindenfermeiro.com.br\/index.php\/wp-json\/"}],"wp:attachment":[{"href":"https:\/\/sindenfermeiro.com.br\/index.php\/wp-json\/wp\/v2\/media?parent=8564"}],"wp:term":[{"taxonomy":"category","embeddable":true,"href":"https:\/\/sindenfermeiro.com.br\/index.php\/wp-json\/wp\/v2\/categories?post=8564"},{"taxonomy":"post_tag","embeddable":true,"href":"https:\/\/sindenfermeiro.com.br\/index.php\/wp-json\/wp\/v2\/tags?post=8564"}],"curies":[{"name":"wp","href":"https:\/\/api.w.org\/{rel}","templated":true}]}}