{"id":8558,"date":"2019-06-27T20:28:48","date_gmt":"2019-06-27T20:28:48","guid":{"rendered":"http:\/\/www.sindenfermeiro.com.br\/?p=8558"},"modified":"2026-04-26T17:52:59","modified_gmt":"2026-04-26T20:52:59","slug":"dayse-amarilio-ministra-curso-de-assistencia-de-enfermagem-ao-paciente-com-dengue-em-parceria-com-o-coren-df","status":"publish","type":"post","link":"https:\/\/sindenfermeiro.com.br\/index.php\/2019\/06\/27\/dayse-amarilio-ministra-curso-de-assistencia-de-enfermagem-ao-paciente-com-dengue-em-parceria-com-o-coren-df\/","title":{"rendered":"Dayse Amar\u00edlio ministra curso de Assist\u00eancia de Enfermagem ao Paciente com Dengue em parceria com o COREN-DF"},"content":{"rendered":"<style type=\"text\/css\">\n#foogallery-gallery-8493 .fg-image { width: 640px; }<\/style>\n\t\t\t<div class=\"foogallery foogallery-container foogallery-image-viewer foogallery-link-image foogallery-lightbox-none fg-center fg-image-viewer fg-ready fg-light fg-border-thin fg-shadow-outline fg-loading-default fg-loaded-fade-in fg-caption-hover fg-hover-fade fg-hover-zoom\" id=\"foogallery-gallery-8493\" data-foogallery=\"{&quot;item&quot;:{&quot;showCaptionTitle&quot;:true,&quot;showCaptionDescription&quot;:true},&quot;lazy&quot;:true,&quot;template&quot;:{&quot;loop&quot;:true}}\" style=\"--fg-title-line-clamp: 0; --fg-description-line-clamp: 0;\" >\n\t<div class=\"fiv-inner\">\n\t\t<div class=\"fiv-inner-container\">\n\t\t\t\t\t<\/div>\n\t\t<div class=\"fiv-ctrls\">\n\t\t\t<button type=\"button\" class=\"fiv-prev\" title=\"Prev\"><span>Prev<\/span><\/button>\n\t\t\t<label class=\"fiv-count\"><span class=\"fiv-count-current\">1<\/span>of<span class=\"fiv-count-total\">51<\/span><\/label>\n\t\t\t<button type=\"button\" class=\"fiv-next\" title=\"Next\"><span>Next<\/span><\/button>\n\t\t<\/div>\n\t<\/div>\n<\/div>\n<p>Na \u00faltima quarta (26), a presidente do SindEnfermeiro-DF, Dayse Amar\u00edlio, a convite do Conselho Regional de Enfermagem do Distrito Federal (Coren-DF), ministrou o curso de\u00a0\u00a0Assist\u00eancia de Enfermagem ao paciente com dengue\u00a0para profissionais da enfermagem. Mais de 200 pessoas lotaram o audit\u00f3rio do Centro Universit\u00e1rio de Bras\u00edlia (UniCeub) de Taguatinga.<\/p>\n<p>Durante o curso, os alunos puderam ter contato com os procedimentos a serem realizados e os tipos de doen\u00e7as transmitidas pelo\u00a0<i>Aedes aegypti,\u00a0<\/i>como o v\u00edrus\u00a0<i>Zika<\/i>\u00a0e a\u00a0<i>Chikungunya<\/i>. Al\u00e9m disso, foram abordadas estrat\u00e9gias de atendimento, desde a primeira assist\u00eancia para a realiza\u00e7\u00e3o do diagn\u00f3stico preciso, at\u00e9 as orienta\u00e7\u00f5es a serem passadas ao paciente no processo de alta hospitalar e posterior acompanhamento.<\/p>\n<p>Para Dayse, as iniciativas que buscam a capacita\u00e7\u00e3o dos profissionais tamb\u00e9m devem ser parte das atribui\u00e7\u00f5es das entidades. &#8220;Esta parceria \u00e9 muito relevante, pois as gest\u00f5es tanto do sindicato como do COREN t\u00eam se preocupado com a forma\u00e7\u00e3o dos profissionais, e n\u00e3o apenas com a defesa dos direitos trabalhistas ou fiscaliza\u00e7\u00e3o de atividades&#8221;, finaliza.<\/p>\n","protected":false},"excerpt":{"rendered":"<p>Na \u00faltima quarta (26), a presidente do SindEnfermeiro-DF, Dayse Amar\u00edlio, a convite do Conselho Regional de Enfermagem do Distrito Federal (Coren-DF), ministrou o curso de\u00a0\u00a0Assist\u00eancia de Enfermagem ao paciente com dengue\u00a0para profissionais da enfermagem. Mais de 200 pessoas lotaram o audit\u00f3rio do Centro Universit\u00e1rio de Bras\u00edlia (UniCeub) de Taguatinga. Durante o curso, os alunos puderam [&hellip;]<\/p>\n","protected":false},"author":6,"featured_media":8537,"comment_status":"closed","ping_status":"closed","sticky":false,"template":"","format":"standard","meta":{"footnotes":""},"categories":[6,13,5],"tags":[298,140,222,299,7,21,44,300,301],"class_list":["post-8558","post","type-post","status-publish","format-standard","has-post-thumbnail","hentry","category-noticias","category-rede-privada","category-rede-publica","tag-aula","tag-coren","tag-dayse-amarilio","tag-dengue","tag-enfermagem","tag-sindenfermeiro","tag-sindenfermeiro-df","tag-uniceub","tag-zika"],"_links":{"self":[{"href":"https:\/\/sindenfermeiro.com.br\/index.php\/wp-json\/wp\/v2\/posts\/8558","targetHints":{"allow":["GET"]}}],"collection":[{"href":"https:\/\/sindenfermeiro.com.br\/index.php\/wp-json\/wp\/v2\/posts"}],"about":[{"href":"https:\/\/sindenfermeiro.com.br\/index.php\/wp-json\/wp\/v2\/types\/post"}],"author":[{"embeddable":true,"href":"https:\/\/sindenfermeiro.com.br\/index.php\/wp-json\/wp\/v2\/users\/6"}],"replies":[{"embeddable":true,"href":"https:\/\/sindenfermeiro.com.br\/index.php\/wp-json\/wp\/v2\/comments?post=8558"}],"version-history":[{"count":1,"href":"https:\/\/sindenfermeiro.com.br\/index.php\/wp-json\/wp\/v2\/posts\/8558\/revisions"}],"predecessor-version":[{"id":18211,"href":"https:\/\/sindenfermeiro.com.br\/index.php\/wp-json\/wp\/v2\/posts\/8558\/revisions\/18211"}],"wp:featuredmedia":[{"embeddable":true,"href":"https:\/\/sindenfermeiro.com.br\/index.php\/wp-json\/"}],"wp:attachment":[{"href":"https:\/\/sindenfermeiro.com.br\/index.php\/wp-json\/wp\/v2\/media?parent=8558"}],"wp:term":[{"taxonomy":"category","embeddable":true,"href":"https:\/\/sindenfermeiro.com.br\/index.php\/wp-json\/wp\/v2\/categories?post=8558"},{"taxonomy":"post_tag","embeddable":true,"href":"https:\/\/sindenfermeiro.com.br\/index.php\/wp-json\/wp\/v2\/tags?post=8558"}],"curies":[{"name":"wp","href":"https:\/\/api.w.org\/{rel}","templated":true}]}}