{"id":853,"date":"2017-03-06T22:51:01","date_gmt":"2017-03-06T22:51:01","guid":{"rendered":"http:\/\/www.sindenfermeiro.com.br\/?p=853"},"modified":"2026-04-29T08:12:47","modified_gmt":"2026-04-29T11:12:47","slug":"por-gratificacoes-sindenfermeiro-reune-se-com-deputados-distritais","status":"publish","type":"post","link":"https:\/\/sindenfermeiro.com.br\/index.php\/2017\/03\/06\/por-gratificacoes-sindenfermeiro-reune-se-com-deputados-distritais\/","title":{"rendered":"Por gratifica\u00e7\u00f5es, SindEnfermeiro re\u00fane-se com deputados distritais"},"content":{"rendered":"<p style=\"text-align: justify\">O Sindicato dos Enfermeiros do Distrito Federal (SindEnfermeiro-DF) reuniu-se, hoje (6), na C\u00e2mara Legislativa do Distrito Federal (CLDF), com os deputados Reginaldo Veras (PDT), Wasny de Roure (PT) e o l\u00edder do Governo na C\u00e2mara, Rodrigo Delmasso (PTN), para solicitar que as Gratifica\u00e7\u00f5es por Condi\u00e7\u00e3o Especial de Trabalho (GCET) e por Titula\u00e7\u00e3o (GTIT) sejam mantidas.<\/p>\n<p style=\"text-align: justify\">O SindEnfemeiro reafirma que continua a tomar todas as provid\u00eancias necess\u00e1rias para preservar os direitos do trabalhador e, com o suporte de seu departamento jur\u00eddico, busca alternativas para que as gratifica\u00e7\u00f5es dos enfermeiros sejam garantidas e n\u00e3o sofram qualquer decr\u00e9scimo, ao contr\u00e1rio do que estabelece a Portaria 94\/2017, publicada na \u00faltima sexta (3), no Di\u00e1rio Oficial.<\/p>\n<p><img loading=\"lazy\" decoding=\"async\" class=\"alignnone size-medium wp-image-854\" src=\"http:\/\/www.sindenfermeiro.com.br\/wp-content\/uploads\/2017\/03\/WhatsApp-Image-2017-03-06-at-18.05.43-900x675.jpeg\" alt=\"WhatsApp Image 2017-03-06 at 18.05.43\" width=\"900\" height=\"675\" \/><\/p>\n<p style=\"text-align: justify\">O SindEnfermeiro \u00e9 absolutamente a favor das melhores na Sa\u00fade do DF, mas \u00e9 contra a retirada de direitos conquistados pelos servidores. No entendimento do sindicato, Sa\u00fade de qualidade se faz com profissionais valorizados.<\/p>\n<p style=\"text-align: justify\">Dayse Amarilio e Tarcisio Faria, presidente e diretor do Sindicato dos Enfermeiros respectivamente, estiveram no encontro com os parlamentares.<\/p>\n","protected":false},"excerpt":{"rendered":"<p>O Sindicato dos Enfermeiros do Distrito Federal (SindEnfermeiro-DF) reuniu-se, hoje (6), na C\u00e2mara Legislativa do Distrito Federal (CLDF), com os deputados Reginaldo Veras (PDT), Wasny de Roure (PT) e o l\u00edder do Governo na C\u00e2mara, Rodrigo Delmasso (PTN), para solicitar que as Gratifica\u00e7\u00f5es por Condi\u00e7\u00e3o Especial de Trabalho (GCET) e por Titula\u00e7\u00e3o (GTIT) sejam mantidas. [&hellip;]<\/p>\n","protected":false},"author":6,"featured_media":854,"comment_status":"closed","ping_status":"closed","sticky":false,"template":"","format":"standard","meta":{"footnotes":""},"categories":[6,2],"tags":[],"class_list":["post-853","post","type-post","status-publish","format-standard","has-post-thumbnail","hentry","category-noticias","category-teste"],"_links":{"self":[{"href":"https:\/\/sindenfermeiro.com.br\/index.php\/wp-json\/wp\/v2\/posts\/853","targetHints":{"allow":["GET"]}}],"collection":[{"href":"https:\/\/sindenfermeiro.com.br\/index.php\/wp-json\/wp\/v2\/posts"}],"about":[{"href":"https:\/\/sindenfermeiro.com.br\/index.php\/wp-json\/wp\/v2\/types\/post"}],"author":[{"embeddable":true,"href":"https:\/\/sindenfermeiro.com.br\/index.php\/wp-json\/wp\/v2\/users\/6"}],"replies":[{"embeddable":true,"href":"https:\/\/sindenfermeiro.com.br\/index.php\/wp-json\/wp\/v2\/comments?post=853"}],"version-history":[{"count":1,"href":"https:\/\/sindenfermeiro.com.br\/index.php\/wp-json\/wp\/v2\/posts\/853\/revisions"}],"predecessor-version":[{"id":33018,"href":"https:\/\/sindenfermeiro.com.br\/index.php\/wp-json\/wp\/v2\/posts\/853\/revisions\/33018"}],"wp:featuredmedia":[{"embeddable":true,"href":"https:\/\/sindenfermeiro.com.br\/index.php\/wp-json\/"}],"wp:attachment":[{"href":"https:\/\/sindenfermeiro.com.br\/index.php\/wp-json\/wp\/v2\/media?parent=853"}],"wp:term":[{"taxonomy":"category","embeddable":true,"href":"https:\/\/sindenfermeiro.com.br\/index.php\/wp-json\/wp\/v2\/categories?post=853"},{"taxonomy":"post_tag","embeddable":true,"href":"https:\/\/sindenfermeiro.com.br\/index.php\/wp-json\/wp\/v2\/tags?post=853"}],"curies":[{"name":"wp","href":"https:\/\/api.w.org\/{rel}","templated":true}]}}