{"id":8440,"date":"2019-06-26T12:30:20","date_gmt":"2019-06-26T12:30:20","guid":{"rendered":"http:\/\/www.sindenfermeiro.com.br\/?p=8440"},"modified":"2026-04-26T21:32:55","modified_gmt":"2026-04-27T00:32:55","slug":"sindenfermeiro-participa-de-audiencia-na-cldf-sobre-licenca-premio-de-servidores","status":"publish","type":"post","link":"https:\/\/sindenfermeiro.com.br\/index.php\/2019\/06\/26\/sindenfermeiro-participa-de-audiencia-na-cldf-sobre-licenca-premio-de-servidores\/","title":{"rendered":"SindEnfermeiro participa de audi\u00eancia na CLDF sobre licen\u00e7a-pr\u00eamio de servidores"},"content":{"rendered":"<style type=\"text\/css\">\n#foogallery-gallery-8442 .fg-image { width: 640px; }<\/style>\n\t\t\t<div class=\"foogallery foogallery-container foogallery-image-viewer foogallery-link-image foogallery-lightbox-none fg-center fg-image-viewer fg-ready fg-light fg-border-thin fg-shadow-outline fg-loading-default fg-loaded-fade-in fg-caption-hover fg-hover-fade fg-hover-zoom\" id=\"foogallery-gallery-8442\" data-foogallery=\"{&quot;item&quot;:{&quot;showCaptionTitle&quot;:true,&quot;showCaptionDescription&quot;:true},&quot;lazy&quot;:true,&quot;template&quot;:{&quot;loop&quot;:true}}\" style=\"--fg-title-line-clamp: 0; --fg-description-line-clamp: 0;\" >\n\t<div class=\"fiv-inner\">\n\t\t<div class=\"fiv-inner-container\">\n\t\t\t\t\t<\/div>\n\t\t<div class=\"fiv-ctrls\">\n\t\t\t<button type=\"button\" class=\"fiv-prev\" title=\"Prev\"><span>Prev<\/span><\/button>\n\t\t\t<label class=\"fiv-count\"><span class=\"fiv-count-current\">1<\/span>of<span class=\"fiv-count-total\">7<\/span><\/label>\n\t\t\t<button type=\"button\" class=\"fiv-next\" title=\"Next\"><span>Next<\/span><\/button>\n\t\t<\/div>\n\t<\/div>\n<\/div>\n<p style=\"text-align: justify\">O Sindicato dos Enfermeiros do Distrito Federal (SindEnfermeiro-DF) acompanhou, na tarde desta ter\u00e7a (25), a audi\u00eancia p\u00fablica realizada na C\u00e2mara Legislativa do Distrito Federal (CLDF) para tratar sobre o Projeto de Lei Complementar (PLC) 07\/2019 \u2013 que disp\u00f5e sobre a licen\u00e7a-pr\u00eamio dos servidores p\u00fablicos do Distrito Federal.<\/p>\n<p style=\"text-align: justify\">O diretor-executivo Tarc\u00edsio Faria esteve presente na audi\u00eancia \u2013 que foi convocada pelo deputado distrital Jorge Vianna (Podemos-DF), com o objetivo de discutir alternativas \u00e0 proposi\u00e7\u00e3o apresentada pelo Executivo no in\u00edcio do m\u00eas. Al\u00e9m do SindEnfermeiro, o Sindicato dos T\u00e9cnicos e Auxiliares em Enfermagem do Distrito Federal (SINDATE-DF), o Sindicato dos Professores (SINPRO-DF) e o Sindicato dos Servidores do Detran (SINDETRAN-DF) tamb\u00e9m participaram.<\/p>\n<p style=\"text-align: justify\">Para Tarc\u00edsio, a licen\u00e7a-pr\u00eamio acaba ganhando uma import\u00e2ncia especial para os servidores da sa\u00fade, por conta das jornadas de trabalho exaustivas e condi\u00e7\u00f5es insalubres de trabalho a que s\u00e3o submetidos.<\/p>\n<p style=\"text-align: justify\">\u201cOs profissionais da sa\u00fade est\u00e3o adoecendo por exaust\u00e3o, e o per\u00edodo da licen\u00e7a \u00e9 a oportunidade pra que o servidor possa se restabelecer mentalmente \u2013 para que ele, ao final desse per\u00edodo, possa retornar ao seu posto de trabalho em plenas condi\u00e7\u00f5es de servir \u00e0 popula\u00e7\u00e3o\u201d.<\/p>\n<p style=\"text-align: justify\">O diretor chamou aten\u00e7\u00e3o tamb\u00e9m para o novo modelo pretendido pelo Governo do Distrito Federal (GDF), que extingue a convers\u00e3o das licen\u00e7as-pr\u00eamio adquiridas em pagamento de pec\u00fanias \u2013 criando, assim, a \u201clicen\u00e7a-servidor\u201d.<br \/>\nSegundo ele, o Executivo deve possibilitar que o profissional fa\u00e7a uso do benef\u00edcio, sem aberturas para a subjetividade.<\/p>\n<p style=\"text-align: justify\">\u201c\u00c9 preciso deixar claro que, da mesma forma que o servidor vai ser obrigado a tirar essa licen\u00e7a para n\u00e3o perd\u00ea-la ao final dos cinco anos, o GDF tem que ser obrigado a conceder. Pois, se isso n\u00e3o estiver expl\u00edcito na proposta, quem estiver na outra ponta n\u00e3o vai querer ceder\u201d, completa.<\/p>\n<p style=\"text-align: justify\">Entenda o caso<\/p>\n<p style=\"text-align: justify\">O Projeto de Lei Complementar n\u00ba 07\/2019, de autoria do governador Ibaneis Rocha (MDB-DF), acaba com a convers\u00e3o do benef\u00edcio \u2013 que concede tr\u00eas meses de licen\u00e7a remunerada aos profissionais que trabalharam efetivamente durante cinco anos ininterruptos. O PLC tamb\u00e9m prev\u00ea o fim do pagamento das pec\u00fanias, que s\u00e3o realizados quando o servidor se aposenta sem fazer uso das licen\u00e7as.<\/p>\n<p style=\"text-align: justify\">No \u00faltimo dia 13, o SindEnfermeiro, juntamente com outras entidades e lideran\u00e7as sindicais, esteve na CLDF para sensibilizar os parlamentares a vetar o PLC, devido a falta de di\u00e1logo do Executivo com as categorias do funcionalismo p\u00fablico. Na ocasi\u00e3o, o diretor-financeiro do sindicato, Tarc\u00edsio Faria, ressaltou a posi\u00e7\u00e3o contr\u00e1ria da entidade ao projeto.<\/p>\n<p style=\"text-align: justify\">Na mesma semana, em 16 de junho, o GDF retirou a proposta de tramita\u00e7\u00e3o e, em reuni\u00e3o realizada com as entidades de classe na manh\u00e3 de hoje, desistiu de acabar com a licen\u00e7a. No entanto, o governo manteve a inten\u00e7\u00e3o de extinguir o pagamento das pec\u00fanias \u2013 impossibilitando a convers\u00e3o das licen\u00e7as em dinheiro.<\/p>\n<p style=\"text-align: justify\">O SindEnfermeiro est\u00e1 atento aos desdobramentos do PL, e ressalta o seu papel em defesa da categoria \u2013 lutando contra a retirada de direitos e o sucateamento da sa\u00fade p\u00fablica do Distrito Federal.<\/p>\n","protected":false},"excerpt":{"rendered":"<p>O Sindicato dos Enfermeiros do Distrito Federal (SindEnfermeiro-DF) acompanhou, na tarde desta ter\u00e7a (25), a audi\u00eancia p\u00fablica realizada na C\u00e2mara Legislativa do Distrito Federal (CLDF) para tratar sobre o Projeto de Lei Complementar (PLC) 07\/2019 \u2013 que disp\u00f5e sobre a licen\u00e7a-pr\u00eamio dos servidores p\u00fablicos do Distrito Federal. O diretor-executivo Tarc\u00edsio Faria esteve presente na audi\u00eancia [&hellip;]<\/p>\n","protected":false},"author":6,"featured_media":8447,"comment_status":"closed","ping_status":"closed","sticky":false,"template":"","format":"standard","meta":{"footnotes":""},"categories":[6,5],"tags":[34,7,99,21],"class_list":["post-8440","post","type-post","status-publish","format-standard","has-post-thumbnail","hentry","category-noticias","category-rede-publica","tag-cldf","tag-enfermagem","tag-enfermagem-df","tag-sindenfermeiro"],"_links":{"self":[{"href":"https:\/\/sindenfermeiro.com.br\/index.php\/wp-json\/wp\/v2\/posts\/8440","targetHints":{"allow":["GET"]}}],"collection":[{"href":"https:\/\/sindenfermeiro.com.br\/index.php\/wp-json\/wp\/v2\/posts"}],"about":[{"href":"https:\/\/sindenfermeiro.com.br\/index.php\/wp-json\/wp\/v2\/types\/post"}],"author":[{"embeddable":true,"href":"https:\/\/sindenfermeiro.com.br\/index.php\/wp-json\/wp\/v2\/users\/6"}],"replies":[{"embeddable":true,"href":"https:\/\/sindenfermeiro.com.br\/index.php\/wp-json\/wp\/v2\/comments?post=8440"}],"version-history":[{"count":1,"href":"https:\/\/sindenfermeiro.com.br\/index.php\/wp-json\/wp\/v2\/posts\/8440\/revisions"}],"predecessor-version":[{"id":18210,"href":"https:\/\/sindenfermeiro.com.br\/index.php\/wp-json\/wp\/v2\/posts\/8440\/revisions\/18210"}],"wp:featuredmedia":[{"embeddable":true,"href":"https:\/\/sindenfermeiro.com.br\/index.php\/wp-json\/"}],"wp:attachment":[{"href":"https:\/\/sindenfermeiro.com.br\/index.php\/wp-json\/wp\/v2\/media?parent=8440"}],"wp:term":[{"taxonomy":"category","embeddable":true,"href":"https:\/\/sindenfermeiro.com.br\/index.php\/wp-json\/wp\/v2\/categories?post=8440"},{"taxonomy":"post_tag","embeddable":true,"href":"https:\/\/sindenfermeiro.com.br\/index.php\/wp-json\/wp\/v2\/tags?post=8440"}],"curies":[{"name":"wp","href":"https:\/\/api.w.org\/{rel}","templated":true}]}}