{"id":8381,"date":"2019-06-19T20:34:38","date_gmt":"2019-06-19T20:34:38","guid":{"rendered":"http:\/\/www.sindenfermeiro.com.br\/?p=8381"},"modified":"2026-04-26T17:54:32","modified_gmt":"2026-04-26T20:54:32","slug":"sindenfermeiro-participa-de-assembleia-no-icdf-para-discutir-pagamento-do-13o-salario-a-funcionarios","status":"publish","type":"post","link":"https:\/\/sindenfermeiro.com.br\/index.php\/2019\/06\/19\/sindenfermeiro-participa-de-assembleia-no-icdf-para-discutir-pagamento-do-13o-salario-a-funcionarios\/","title":{"rendered":"SindEnfermeiro participa de assembleia no ICDF para discutir pagamento do 13\u00ba sal\u00e1rio a funcion\u00e1rios"},"content":{"rendered":"<style type=\"text\/css\">\n#foogallery-gallery-8383 .fg-image { width: 640px; }<\/style>\n\t\t\t<div class=\"foogallery foogallery-container foogallery-image-viewer foogallery-link-image foogallery-lightbox-none fg-center fg-image-viewer fg-ready fg-light fg-border-thin fg-shadow-outline fg-loading-default fg-loaded-fade-in fg-caption-hover fg-hover-fade fg-hover-zoom\" id=\"foogallery-gallery-8383\" data-foogallery=\"{&quot;item&quot;:{&quot;showCaptionTitle&quot;:true,&quot;showCaptionDescription&quot;:true},&quot;lazy&quot;:true,&quot;template&quot;:{&quot;loop&quot;:true}}\" style=\"--fg-title-line-clamp: 0; --fg-description-line-clamp: 0;\" >\n\t<div class=\"fiv-inner\">\n\t\t<div class=\"fiv-inner-container\">\n\t\t\t\t\t<\/div>\n\t\t<div class=\"fiv-ctrls\">\n\t\t\t<button type=\"button\" class=\"fiv-prev\" title=\"Prev\"><span>Prev<\/span><\/button>\n\t\t\t<label class=\"fiv-count\"><span class=\"fiv-count-current\">1<\/span>of<span class=\"fiv-count-total\">44<\/span><\/label>\n\t\t\t<button type=\"button\" class=\"fiv-next\" title=\"Next\"><span>Next<\/span><\/button>\n\t\t<\/div>\n\t<\/div>\n<\/div>\n<p style=\"text-align: justify\">O Sindicato dos Enfermeiros do Distrito Federal (SindEnfermeiro-DF) participou, nesta ter\u00e7a (18), de assembleia que aconteceu no Instituto de Cardiologia do Distrito Federal (ICDF) para tratar do pagamento da primeira parcela do 13\u00ba sal\u00e1rio dos funcion\u00e1rios em 2019.<\/p>\n<p style=\"text-align: justify\">A presidente do SindEnfermeiro, Dayse Amar\u00edlio, esteve presente no encontro, que tamb\u00e9m contou com o departamento jur\u00eddico do sindicato, membros do departamento de Recursos Humanos e da Dire\u00e7\u00e3o do ICDF, al\u00e9m do Sindicato dos T\u00e9cnicos e Auxiliares em Enfermagem do Distrito Federal (SINDATE-DF).<\/p>\n<p style=\"text-align: justify\">A reuni\u00e3o foi convocada pelo ICDF para discutir as estrat\u00e9gias e caminhos que podem ser tomados para a viabiliza\u00e7\u00e3o dos pagamentos. O parcelamento do 13\u00ba sal\u00e1rio dos profissionais est\u00e1 respaldado pela cl\u00e1usula 43 da Conven\u00e7\u00e3o Coletiva de Trabalho do instituto.<\/p>\n<p style=\"text-align: justify\"><strong>Dificuldades financeiras<\/strong><\/p>\n<p style=\"text-align: justify\">A proposta surgiu por conta das dificuldades financeiras que o instituto vem passando desde o \u00faltimo governo, j\u00e1 que existe um atraso no repasse dos contratos feitos com a Secretaria de Sa\u00fade. A dire\u00e7\u00e3o deixou claro o momento dif\u00edcil que o ICDF vivencia e os trabalhadores aceitaram o parcelamento da primeira parte.<\/p>\n<p style=\"text-align: justify\">A dire\u00e7\u00e3o do SindEnfermeiro levou \u00e0 categoria os problemas apontados pelo instituto e ressaltou a sensibilidade da institui\u00e7\u00e3o em tentar um di\u00e1logo com os trabalhadores. &#8220;N\u00e3o \u00e9 ideal que aconte\u00e7a o parcelamento, mas foi muito importante a atitude o ICDF em acionar os representantes dos trabalhadores para participarem de forma ativa das negocia\u00e7\u00f5es&#8221;, afirmou Dayse Amar\u00edlio, presidente do SindEnfermeiro.<\/p>\n<p style=\"text-align: justify\">Durante sua fala, a presidente ressaltou &#8220;a import\u00e2ncia das institui\u00e7\u00f5es privadas abrirem espa\u00e7o para que os sindicatos conversem com os trabalhadores e construam inclusive um plano de a\u00e7\u00e3o conjunta de melhorias, n\u00e3o s\u00f3 em rela\u00e7\u00e3o \u00e0 pec\u00fanias, mas tamb\u00e9m em rela\u00e7\u00e3o as condi\u00e7\u00f5es de trabalho e escalas&#8221;.<\/p>\n<p style=\"text-align: justify\">A institui\u00e7\u00e3o entrou em acordo com os trabalhadores e com os sindicatos ap\u00f3s vota\u00e7\u00e3o un\u00e2nime &#8211; no que diz respeito aos enfermeiros, determinando que o pagamento da primeira parcela dever\u00e1 ser feito at\u00e9 o dia 20 de setembro deste ano, e a segunda, at\u00e9 o dia 20 de novembro.<\/p>\n","protected":false},"excerpt":{"rendered":"<p>O Sindicato dos Enfermeiros do Distrito Federal (SindEnfermeiro-DF) participou, nesta ter\u00e7a (18), de assembleia que aconteceu no Instituto de Cardiologia do Distrito Federal (ICDF) para tratar do pagamento da primeira parcela do 13\u00ba sal\u00e1rio dos funcion\u00e1rios em 2019. A presidente do SindEnfermeiro, Dayse Amar\u00edlio, esteve presente no encontro, que tamb\u00e9m contou com o departamento jur\u00eddico [&hellip;]<\/p>\n","protected":false},"author":6,"featured_media":8388,"comment_status":"closed","ping_status":"closed","sticky":false,"template":"","format":"standard","meta":{"footnotes":""},"categories":[6,13],"tags":[],"class_list":["post-8381","post","type-post","status-publish","format-standard","has-post-thumbnail","hentry","category-noticias","category-rede-privada"],"_links":{"self":[{"href":"https:\/\/sindenfermeiro.com.br\/index.php\/wp-json\/wp\/v2\/posts\/8381","targetHints":{"allow":["GET"]}}],"collection":[{"href":"https:\/\/sindenfermeiro.com.br\/index.php\/wp-json\/wp\/v2\/posts"}],"about":[{"href":"https:\/\/sindenfermeiro.com.br\/index.php\/wp-json\/wp\/v2\/types\/post"}],"author":[{"embeddable":true,"href":"https:\/\/sindenfermeiro.com.br\/index.php\/wp-json\/wp\/v2\/users\/6"}],"replies":[{"embeddable":true,"href":"https:\/\/sindenfermeiro.com.br\/index.php\/wp-json\/wp\/v2\/comments?post=8381"}],"version-history":[{"count":1,"href":"https:\/\/sindenfermeiro.com.br\/index.php\/wp-json\/wp\/v2\/posts\/8381\/revisions"}],"predecessor-version":[{"id":36823,"href":"https:\/\/sindenfermeiro.com.br\/index.php\/wp-json\/wp\/v2\/posts\/8381\/revisions\/36823"}],"wp:featuredmedia":[{"embeddable":true,"href":"https:\/\/sindenfermeiro.com.br\/index.php\/wp-json\/"}],"wp:attachment":[{"href":"https:\/\/sindenfermeiro.com.br\/index.php\/wp-json\/wp\/v2\/media?parent=8381"}],"wp:term":[{"taxonomy":"category","embeddable":true,"href":"https:\/\/sindenfermeiro.com.br\/index.php\/wp-json\/wp\/v2\/categories?post=8381"},{"taxonomy":"post_tag","embeddable":true,"href":"https:\/\/sindenfermeiro.com.br\/index.php\/wp-json\/wp\/v2\/tags?post=8381"}],"curies":[{"name":"wp","href":"https:\/\/api.w.org\/{rel}","templated":true}]}}