{"id":8379,"date":"2019-06-19T14:32:57","date_gmt":"2019-06-19T14:32:57","guid":{"rendered":"http:\/\/www.sindenfermeiro.com.br\/?p=8379"},"modified":"2026-04-26T17:51:31","modified_gmt":"2026-04-26T20:51:31","slug":"horario-de-funcionamento-feriado-corpus-christi-2","status":"publish","type":"post","link":"https:\/\/sindenfermeiro.com.br\/index.php\/2019\/06\/19\/horario-de-funcionamento-feriado-corpus-christi-2\/","title":{"rendered":"Hor\u00e1rio de Funcionamento: Feriado \u2013 Corpus Christi"},"content":{"rendered":"<p>O Sindicato dos Enfermeiros do Distrito Federal informa que n\u00e3o haver\u00e1 atendimento ao p\u00fablico, nos pr\u00f3ximos dias 20 e 21 (quinta e sexta), em virtude do feriado de\u00a0Corpus Christi. O sindicato volta a funcionar normalmente, na pr\u00f3xima segunda-feira (24).<\/p>\n<p><img loading=\"lazy\" decoding=\"async\" class=\"wp-image-3244 aligncenter\" src=\"http:\/\/www.sindenfermeiro.com.br\/wp-content\/uploads\/2018\/05\/WhatsApp-Image-2018-05-30-at-16.15.50-900x900.jpeg\" alt=\"\" width=\"505\" height=\"505\" \/><\/p>\n","protected":false},"excerpt":{"rendered":"<p>O Sindicato dos Enfermeiros do Distrito Federal informa que n\u00e3o haver\u00e1 atendimento ao p\u00fablico, nos pr\u00f3ximos dias 20 e 21 (quinta e sexta), em virtude do feriado de\u00a0Corpus Christi. O sindicato volta a funcionar normalmente, na pr\u00f3xima segunda-feira (24).<\/p>\n","protected":false},"author":6,"featured_media":3244,"comment_status":"closed","ping_status":"closed","sticky":false,"template":"","format":"standard","meta":{"footnotes":""},"categories":[6,13,5],"tags":[7,99,182],"class_list":["post-8379","post","type-post","status-publish","format-standard","has-post-thumbnail","hentry","category-noticias","category-rede-privada","category-rede-publica","tag-enfermagem","tag-enfermagem-df","tag-horario-de-funcionamento"],"_links":{"self":[{"href":"https:\/\/sindenfermeiro.com.br\/index.php\/wp-json\/wp\/v2\/posts\/8379","targetHints":{"allow":["GET"]}}],"collection":[{"href":"https:\/\/sindenfermeiro.com.br\/index.php\/wp-json\/wp\/v2\/posts"}],"about":[{"href":"https:\/\/sindenfermeiro.com.br\/index.php\/wp-json\/wp\/v2\/types\/post"}],"author":[{"embeddable":true,"href":"https:\/\/sindenfermeiro.com.br\/index.php\/wp-json\/wp\/v2\/users\/6"}],"replies":[{"embeddable":true,"href":"https:\/\/sindenfermeiro.com.br\/index.php\/wp-json\/wp\/v2\/comments?post=8379"}],"version-history":[{"count":1,"href":"https:\/\/sindenfermeiro.com.br\/index.php\/wp-json\/wp\/v2\/posts\/8379\/revisions"}],"predecessor-version":[{"id":23923,"href":"https:\/\/sindenfermeiro.com.br\/index.php\/wp-json\/wp\/v2\/posts\/8379\/revisions\/23923"}],"wp:featuredmedia":[{"embeddable":true,"href":"https:\/\/sindenfermeiro.com.br\/index.php\/wp-json\/"}],"wp:attachment":[{"href":"https:\/\/sindenfermeiro.com.br\/index.php\/wp-json\/wp\/v2\/media?parent=8379"}],"wp:term":[{"taxonomy":"category","embeddable":true,"href":"https:\/\/sindenfermeiro.com.br\/index.php\/wp-json\/wp\/v2\/categories?post=8379"},{"taxonomy":"post_tag","embeddable":true,"href":"https:\/\/sindenfermeiro.com.br\/index.php\/wp-json\/wp\/v2\/tags?post=8379"}],"curies":[{"name":"wp","href":"https:\/\/api.w.org\/{rel}","templated":true}]}}