{"id":8376,"date":"2019-06-19T13:56:01","date_gmt":"2019-06-19T13:56:01","guid":{"rendered":"http:\/\/www.sindenfermeiro.com.br\/?p=8376"},"modified":"2026-04-26T17:52:13","modified_gmt":"2026-04-26T20:52:13","slug":"reforma-da-previdencia-aposentadoria-especial","status":"publish","type":"post","link":"https:\/\/sindenfermeiro.com.br\/index.php\/2019\/06\/19\/reforma-da-previdencia-aposentadoria-especial\/","title":{"rendered":"Reforma da Previd\u00eancia: aposentadoria especial"},"content":{"rendered":"<p>&nbsp;<\/p>\n<div style=\"width: 1334px;\" class=\"wp-video\"><video class=\"wp-video-shortcode\" id=\"video-8376-1\" width=\"1334\" height=\"750\" preload=\"metadata\" controls=\"controls\"><source type=\"video\/mp4\" src=\"http:\/\/www.sindenfermeiro.com.br\/wp-content\/uploads\/2019\/06\/V\u00cdDEO-DAYSE-FINALIZADO-REFORMA-DA-PREVID\u00caNCIA-.mp4?_=1\" \/><a href=\"http:\/\/www.sindenfermeiro.com.br\/wp-content\/uploads\/2019\/06\/V\u00cdDEO-DAYSE-FINALIZADO-REFORMA-DA-PREVID\u00caNCIA-.mp4\">http:\/\/www.sindenfermeiro.com.br\/wp-content\/uploads\/2019\/06\/V\u00cdDEO-DAYSE-FINALIZADO-REFORMA-DA-PREVID\u00caNCIA-.mp4<\/a><\/video><\/div>\n<p>Assim como a Reforma Trabalhista, a Reforma da Previd\u00eancia tem sido um golpe duro contra os trabalhadores. No entanto, o COFEN, com o apoio do COREN-DF e do SindEnfermeiro-DF conseguiu coletar assinaturas de parlamentares, e assegurou uma emenda que garante a aposentadoria especial com 25 anos de servi\u00e7o em \u00e1rea insalubre, e 55 anos para todos os profissionais da enfermagem na Reforma da Previd\u00eancia \u2013 a Emenda 17\/2019.<\/p>\n<p>A emenda est\u00e1 na Comiss\u00e3o Especial, onde aguarda parecer dos deputados que a comp\u00f5em. Agora, precisamos pressionar JUNTOS nossos parlamentares, para que ela seja colocada dentro do Plen\u00e1rio da C\u00e2mara. Para isso, envie um e-mail para o seu deputado, ligue no gabinete, escreva nas redes sociais dele, pressione. Vamos fazer com que os membros da Comiss\u00e3o Especial da Reforma da Previd\u00eancia coloquem a pauta em vota\u00e7\u00e3o!<\/p>\n<p>Presidente da Comiss\u00e3o Especial<\/p>\n<p>Dep. Marcelo Ramos (PL-AM): dep.marceloramos@camara.leg.br\/(61) 3215-5805<\/p>\n<p>Relator<\/p>\n<p>Dep. Samuel Moreira (PSDB-SP): dep.samuelmoreira@camara.leg.br\/(61) 3215-5921<\/p>\n<p>Deputados membros<\/p>\n<p>Base aliada do governo (PSL\/PP\/PSD\/MDB\/PL\/PRB\/DEM\/PSDB\/PTB\/PSC\/PMN)<\/p>\n<p>dep.alexandrefrota@camara.leg.br; ALEXANDRE FROTA ; 3215-5216<br \/>\ndep.arthuroliveiramaia@camara.leg.br; ARTHUR OLIVEIRA MAIA; 3215-5830<br \/>\ndep.betopereira@camara.leg.br; BETO PEREIRA; 3215-5240<br \/>\ndep.bilacpinto@camara.leg.br; BILAC PINTO; 3215-5806<br \/>\ndep.capitaoalbertoneto@camara.leg.br; CAPIT\u00c3O ALBERTO NETO; 3215-5933<br \/>\ndep.cleberverde@camara.leg.br; CLEBER VERDE; 3215-5710<br \/>\ndep.danielfreitas@camara.leg.br; DANIEL FREITAS; 3215-5273<br \/>\ndep.danieltrzeciak@camara.leg.br; DANIEL TRZECIAK; 3215-5917<br \/>\ndep.darcidematos@camara.leg.br; DARCI DE MATOS; 3215-5709<br \/>\ndep.darcisioperondi@camara.leg.br; DARC\u00cdSIO PERONDI; 3215-5927<br \/>\ndep.delegadoedermauro@camara.leg.br; DELEGADO \u00c9DER MAURO; 3215-5586<br \/>\ndep.felipefrancischini@camara.leg.br; FELIPE FRANCISCHINI; 3215-5265<br \/>\ndep.fernandorodolfo@camara.leg.br; FERNANDO RODOLFO; 3215-5481<br \/>\ndep.filipebarros@camara.leg.br; FILIPE BARROS; 3215-5745<br \/>\ndep.giovanicherini@camara.leg.br; GIOVANI CHERINI; 3215-5468<br \/>\ndep.guilhermemussi@camara.leg.br; GUILHERME MUSSI; 3215-5712<br \/>\ndep.heitorfreire@camara.leg.br; HEITOR FREIRE; 3215-5367<br \/>\ndep.jeronimogoergen@camara.leg.br; JER\u00d4NIMO GOERGEN; 3215-5316<br \/>\ndep.joaomarcelosouza@camara.leg.br; JO\u00c3O MARCELO SOUZA; 3215-5506<br \/>\ndep.marcelomoraes@camara.leg.br; MARCELO MORAES; 3215-5258<br \/>\ndep.pauloeduardomartins@camara.leg.br; PAULO EDUARDO MARTINS; 3215-5233<br \/>\ndep.pedropaulo@camara.leg.br; PEDRO PAULO; 3215-5727<br \/>\ndep.reinholdstephanesjunior@camara.leg.br; REINHOLD STEPHANES JUNIOR; 3215-5221<br \/>\ndep.ronaldocarletto@camara.leg.br; RONALDO CARLETTO; 3215-5262<br \/>\ndep.silviocostafilho@camara.leg.br; SILVIO COSTA FILHO; 3215-5402<br \/>\ndep.valtenirpereira@camara.leg.br; VALTENIR PEREIRA; 3215-5815<\/p>\n<p>\u201cCentr\u00e3o\u201d (PDT\/PODE\/SOLIDARIEDADE\/PCdoB\/PATRIOTA\/CIDADANIA\/PROS\/AVANTE\/PV\/DC)<\/p>\n<p>dep.alexmanente@camara.leg.br; ALEX MANENTE; 3215-5205<br \/>\ndep.aliceportugal@camara.leg.br; ALICE PORTUGAL; 3215-5420<br \/>\ndep.andrefigueiredo@camara.leg.br; ANDR\u00c9 FIGUEIREDO; 3215-5940<br \/>\ndep.capitaowagner@camara.leg.br; CAPIT\u00c3O WAGNER; 3215-5711<br \/>\ndep.dr.frederico@camara.leg.br; DR. FREDERICO; 3215-5568<br \/>\ndep.greyceelias@camara.leg.br; GREYCE ELIAS; 3215-5340<br \/>\ndep.leomoraes@camara.leg.br; L\u00c9O MORAES; 3215-5503<br \/>\ndep.lucasvergilio@camara.leg.br; LUCAS VERGILIO; 3215-5816<br \/>\ndep.pauloramos@camara.leg.br; PAULO RAMOS; 3215-5804<br \/>\ndep.professorisraelbatista@camara.leg.br; PROFESSOR ISRAEL BATISTA; 3215-5854<\/p>\n<p>Oposi\u00e7\u00e3o ao governo (PT\/PSB\/PSOL\/REDE)<\/p>\n<p>dep.alielmachado@camara.leg.br; ALIEL MACHADO; 3215-5220<br \/>\ndep.carlosveras@camara.leg.br; CARLOS VERAS; 3215-5466<br \/>\ndep.gleisihoffmann@camara.leg.br; GLEISI HOFFMANN; 3215-5232<br \/>\ndep.heitorschuch@camara.leg.br; HEITOR SCHUCH; 3215-5277<br \/>\ndep.henriquefontana@camara.leg.br; HENRIQUE FONTANA; 3215-5256<br \/>\ndep.joeniawapichana@camara.leg.br; JOENIA WAPICHANA; 3215-5231<br \/>\ndep.jorgesolla@camara.leg.br; JORGE SOLLA; 3215-5571<br \/>\ndep.lidicedamata@camara.leg.br; L\u00cdDICE DA MATA; 3215-5913<br \/>\ndep.samiabomfim@camara.leg.br; S\u00c2MIA BOMFIM; 3215-5617<\/p>\n<p>Sem coaliz\u00e3o (NOVO)<\/p>\n<p>dep.pauloganime@camara.leg.br; PAULO GANIME; 3215-5230<br \/>\ndep.viniciuspoit@camara.leg.br; VINICIUS POIT; 3215-5558<\/p>\n","protected":false},"excerpt":{"rendered":"<p>&nbsp; Assim como a Reforma Trabalhista, a Reforma da Previd\u00eancia tem sido um golpe duro contra os trabalhadores. No entanto, o COFEN, com o apoio do COREN-DF e do SindEnfermeiro-DF conseguiu coletar assinaturas de parlamentares, e assegurou uma emenda que garante a aposentadoria especial com 25 anos de servi\u00e7o em \u00e1rea insalubre, e 55 anos [&hellip;]<\/p>\n","protected":false},"author":6,"featured_media":7280,"comment_status":"closed","ping_status":"closed","sticky":false,"template":"","format":"standard","meta":{"footnotes":""},"categories":[6,13,5],"tags":[7,99,173,21],"class_list":["post-8376","post","type-post","status-publish","format-standard","has-post-thumbnail","hentry","category-noticias","category-rede-privada","category-rede-publica","tag-enfermagem","tag-enfermagem-df","tag-reforma-da-previdencia","tag-sindenfermeiro"],"_links":{"self":[{"href":"https:\/\/sindenfermeiro.com.br\/index.php\/wp-json\/wp\/v2\/posts\/8376","targetHints":{"allow":["GET"]}}],"collection":[{"href":"https:\/\/sindenfermeiro.com.br\/index.php\/wp-json\/wp\/v2\/posts"}],"about":[{"href":"https:\/\/sindenfermeiro.com.br\/index.php\/wp-json\/wp\/v2\/types\/post"}],"author":[{"embeddable":true,"href":"https:\/\/sindenfermeiro.com.br\/index.php\/wp-json\/wp\/v2\/users\/6"}],"replies":[{"embeddable":true,"href":"https:\/\/sindenfermeiro.com.br\/index.php\/wp-json\/wp\/v2\/comments?post=8376"}],"version-history":[{"count":1,"href":"https:\/\/sindenfermeiro.com.br\/index.php\/wp-json\/wp\/v2\/posts\/8376\/revisions"}],"predecessor-version":[{"id":16307,"href":"https:\/\/sindenfermeiro.com.br\/index.php\/wp-json\/wp\/v2\/posts\/8376\/revisions\/16307"}],"wp:featuredmedia":[{"embeddable":true,"href":"https:\/\/sindenfermeiro.com.br\/index.php\/wp-json\/"}],"wp:attachment":[{"href":"https:\/\/sindenfermeiro.com.br\/index.php\/wp-json\/wp\/v2\/media?parent=8376"}],"wp:term":[{"taxonomy":"category","embeddable":true,"href":"https:\/\/sindenfermeiro.com.br\/index.php\/wp-json\/wp\/v2\/categories?post=8376"},{"taxonomy":"post_tag","embeddable":true,"href":"https:\/\/sindenfermeiro.com.br\/index.php\/wp-json\/wp\/v2\/tags?post=8376"}],"curies":[{"name":"wp","href":"https:\/\/api.w.org\/{rel}","templated":true}]}}