{"id":8373,"date":"2019-06-19T13:07:37","date_gmt":"2019-06-19T13:07:37","guid":{"rendered":"http:\/\/www.sindenfermeiro.com.br\/?p=8373"},"modified":"2026-04-26T21:32:25","modified_gmt":"2026-04-27T00:32:25","slug":"nota-de-repudio-a-reportagem-da-rede-globo-sobre-o-caos-da-saude-em-ceilandia","status":"publish","type":"post","link":"https:\/\/sindenfermeiro.com.br\/index.php\/2019\/06\/19\/nota-de-repudio-a-reportagem-da-rede-globo-sobre-o-caos-da-saude-em-ceilandia\/","title":{"rendered":"Nota de rep\u00fadio \u00e0 reportagem da Rede Globo sobre o caos da sa\u00fade em Ceil\u00e2ndia"},"content":{"rendered":"<p style=\"text-align: justify\">\n<p style=\"text-align: justify\">O Sindicato dos Enfermeiros do Distrito Federal vem por meio desta nota, expressar seu rep\u00fadio \u00e0 reportagem da Rede Globo sobre o caos da sa\u00fade em Ceil\u00e2ndia, divulgada na \u00faltima semana. Durante a mat\u00e9ria fomos surpreendidos pela fala da rep\u00f3rter que menosprezava o atendimento dos enfermeiros nos Centros de Sa\u00fade. Ao entrevistar uma usu\u00e1ria informou que \u201co caso dela foi ainda pior: foi atendida e medicada por um enfermeiro\u201d, mostrando o desconhecimento da paciente e, o mais grave, da rep\u00f3rter sobre a atua\u00e7\u00e3o do profissional enfermeiro.<\/p>\n<p style=\"text-align: justify\">Ao paciente respeitamos seu desconhecimento, mas da rep\u00f3rter que deveria ter conhecimento sobre as informa\u00e7\u00f5es que repassa \u00e9 inaceit\u00e1vel que difame toda uma categoria profissional para direcionar sua reportagem.<\/p>\n<p style=\"text-align: justify\">\u00c9 sabido que a sa\u00fade p\u00fablica do DF passa por grandes dificuldades, que os pacientes encaram filas, esperam e nem sempre t\u00eam suas queixas atendidas. E isso vem de muito tempo. Na regi\u00e3o Oeste, onde aconteceu o ocorrido \u00e9 ainda pior, as Unidades B\u00e1sicas de Sa\u00fade n\u00e3o t\u00eam gestores nomeados, est\u00e3o sem gerentes e cada dia fica pior a resposta ao usu\u00e1rio.<\/p>\n<p style=\"text-align: justify\">Faz muito tempo que convivemos com o sub-dimensionamento de equipes de aten\u00e7\u00e3o prim\u00e1ria que vem atendendo, em muitos casos uma \u00e1rea duas vezes maior que a prevista pelo Minist\u00e9rio da Sa\u00fade, al\u00e9m de na maioria dos casos n\u00e3o terem agentes de sa\u00fade, que s\u00e3o o elo entre equipe e comunidade. A superlota\u00e7\u00e3o das UBSs vem da falta de porta de entrada nas UPA e emerg\u00eancias, tamb\u00e9m superlotadas, mas a grande quantidade de pacientes moradores do Entorno que se identificam como moradores das \u00e1reas das UBSs em muitos casos por usarem endere\u00e7os fornecidos pelos pr\u00f3prios moradores.<\/p>\n<p style=\"text-align: justify\">\u00c9 preciso ter em mente que o h\u00e1bito dos pacientes com o sistema anterior da APS sempre foi estruturado no atendimento m\u00e9dico e na medica\u00e7\u00e3o. No entanto, muitos reconhecem o trabalho dos enfermeiros, pois \u00e9 o acolhimento centrado no enfermeiro que direciona o atendimento.<\/p>\n<p style=\"text-align: justify\">A atua\u00e7\u00e3o do enfermeiro na aten\u00e7\u00e3o prim\u00e1ria \u00e9 respaldada por protocolos que abrangem desde as a\u00e7\u00f5es program\u00e1ticas do pr\u00e9-natal, crescimento e desenvolvimento das crian\u00e7as, acompanhamento de hipertensos e diab\u00e9ticos at\u00e9 as mais variadas situa\u00e7\u00f5es de urg\u00eancia e emerg\u00eancia.<\/p>\n<p style=\"text-align: justify\">Sabemos que a sa\u00fade infelizmente \u00e9 m\u00e9dico centrada, e se trata de um processo de aprendizado e de adequa\u00e7\u00e3o tanto de profissionais, quanto de pacientes, para entender que todos os atendimentos devem ser iniciados na aten\u00e7\u00e3o b\u00e1sica, mas para isso precisamos de estrutura f\u00edsica e profissionais para um bom atendimento.<\/p>\n","protected":false},"excerpt":{"rendered":"<p>O Sindicato dos Enfermeiros do Distrito Federal vem por meio desta nota, expressar seu rep\u00fadio \u00e0 reportagem da Rede Globo sobre o caos da sa\u00fade em Ceil\u00e2ndia, divulgada na \u00faltima semana. Durante a mat\u00e9ria fomos surpreendidos pela fala da rep\u00f3rter que menosprezava o atendimento dos enfermeiros nos Centros de Sa\u00fade. Ao entrevistar uma usu\u00e1ria informou [&hellip;]<\/p>\n","protected":false},"author":6,"featured_media":8365,"comment_status":"closed","ping_status":"closed","sticky":false,"template":"","format":"standard","meta":{"footnotes":""},"categories":[6,5],"tags":[],"class_list":["post-8373","post","type-post","status-publish","format-standard","has-post-thumbnail","hentry","category-noticias","category-rede-publica"],"_links":{"self":[{"href":"https:\/\/sindenfermeiro.com.br\/index.php\/wp-json\/wp\/v2\/posts\/8373","targetHints":{"allow":["GET"]}}],"collection":[{"href":"https:\/\/sindenfermeiro.com.br\/index.php\/wp-json\/wp\/v2\/posts"}],"about":[{"href":"https:\/\/sindenfermeiro.com.br\/index.php\/wp-json\/wp\/v2\/types\/post"}],"author":[{"embeddable":true,"href":"https:\/\/sindenfermeiro.com.br\/index.php\/wp-json\/wp\/v2\/users\/6"}],"replies":[{"embeddable":true,"href":"https:\/\/sindenfermeiro.com.br\/index.php\/wp-json\/wp\/v2\/comments?post=8373"}],"version-history":[{"count":1,"href":"https:\/\/sindenfermeiro.com.br\/index.php\/wp-json\/wp\/v2\/posts\/8373\/revisions"}],"predecessor-version":[{"id":18183,"href":"https:\/\/sindenfermeiro.com.br\/index.php\/wp-json\/wp\/v2\/posts\/8373\/revisions\/18183"}],"wp:featuredmedia":[{"embeddable":true,"href":"https:\/\/sindenfermeiro.com.br\/index.php\/wp-json\/"}],"wp:attachment":[{"href":"https:\/\/sindenfermeiro.com.br\/index.php\/wp-json\/wp\/v2\/media?parent=8373"}],"wp:term":[{"taxonomy":"category","embeddable":true,"href":"https:\/\/sindenfermeiro.com.br\/index.php\/wp-json\/wp\/v2\/categories?post=8373"},{"taxonomy":"post_tag","embeddable":true,"href":"https:\/\/sindenfermeiro.com.br\/index.php\/wp-json\/wp\/v2\/tags?post=8373"}],"curies":[{"name":"wp","href":"https:\/\/api.w.org\/{rel}","templated":true}]}}