{"id":8362,"date":"2019-06-19T12:17:49","date_gmt":"2019-06-19T12:17:49","guid":{"rendered":"http:\/\/www.sindenfermeiro.com.br\/?p=8362"},"modified":"2026-04-26T17:54:52","modified_gmt":"2026-04-26T20:54:52","slug":"hospital-sao-mateus-e-obrigado-a-reorganizar-o-espaco-fisico-da-sala-de-repouso-dos-enfermeiros","status":"publish","type":"post","link":"https:\/\/sindenfermeiro.com.br\/index.php\/2019\/06\/19\/hospital-sao-mateus-e-obrigado-a-reorganizar-o-espaco-fisico-da-sala-de-repouso-dos-enfermeiros\/","title":{"rendered":"Hospital S\u00e3o Mateus \u00e9 obrigado a reorganizar o espa\u00e7o f\u00edsico da sala de repouso dos enfermeiros"},"content":{"rendered":"<p>&nbsp;<\/p>\n<p>Por conta da den\u00fancia feita pelo Sindicato dos Enfermeiros do Distrito Federal (SindEnfermeiro-DF), o Minist\u00e9rio P\u00fablico do Trabalho do Distrito Federal (MPT-DF) determinou novamente a visita do Centro de Refer\u00eancia em Sa\u00fade do Trabalhador (CEREST), para averiguar o cumprimento das provid\u00eancias determinadas ao Hospital S\u00e3o Mateus sobre o ambiente de trabalho dos enfermeiros, especialmente \u00e0 reorganiza\u00e7\u00e3o da sala de repouso dos profissionais.<\/p>\n<p>Em novo laudo emitido no m\u00eas de maio, a CEREST constatou que n\u00e3o houve o cumprimento da determina\u00e7\u00e3o que constava em seu \u00faltimo relat\u00f3rio de inspe\u00e7\u00e3o sanit\u00e1ria em sa\u00fade do trabalhador. A determina\u00e7\u00e3o foi no sentido de que o repouso dos enfermeiros fosse reorganizado, no entanto, o hospital n\u00e3o cumpriu o que determinava o laudo da CEREST.<\/p>\n<p>O MPT recebeu o novo relat\u00f3rio e determinou que a institui\u00e7\u00e3o obedecesse \u00e0s exig\u00eancias no prazo de 10 dias. No \u00faltimo dia 10 de junho de 2019, o Hospital S\u00e3o Mateus informou que j\u00e1 providenciou a compra de novos m\u00f3veis e camas para a melhoria da sala de descanso dos enfermeiros. O SindEnfermeiro agradece a parceria do MPT e da CEREST nessa caminhada e continuar\u00e1 acompanhando de perto o caso.<\/p>\n","protected":false},"excerpt":{"rendered":"<p>&nbsp; Por conta da den\u00fancia feita pelo Sindicato dos Enfermeiros do Distrito Federal (SindEnfermeiro-DF), o Minist\u00e9rio P\u00fablico do Trabalho do Distrito Federal (MPT-DF) determinou novamente a visita do Centro de Refer\u00eancia em Sa\u00fade do Trabalhador (CEREST), para averiguar o cumprimento das provid\u00eancias determinadas ao Hospital S\u00e3o Mateus sobre o ambiente de trabalho dos enfermeiros, especialmente [&hellip;]<\/p>\n","protected":false},"author":6,"featured_media":4117,"comment_status":"closed","ping_status":"closed","sticky":false,"template":"","format":"standard","meta":{"footnotes":""},"categories":[6,13],"tags":[],"class_list":["post-8362","post","type-post","status-publish","format-standard","has-post-thumbnail","hentry","category-noticias","category-rede-privada"],"_links":{"self":[{"href":"https:\/\/sindenfermeiro.com.br\/index.php\/wp-json\/wp\/v2\/posts\/8362","targetHints":{"allow":["GET"]}}],"collection":[{"href":"https:\/\/sindenfermeiro.com.br\/index.php\/wp-json\/wp\/v2\/posts"}],"about":[{"href":"https:\/\/sindenfermeiro.com.br\/index.php\/wp-json\/wp\/v2\/types\/post"}],"author":[{"embeddable":true,"href":"https:\/\/sindenfermeiro.com.br\/index.php\/wp-json\/wp\/v2\/users\/6"}],"replies":[{"embeddable":true,"href":"https:\/\/sindenfermeiro.com.br\/index.php\/wp-json\/wp\/v2\/comments?post=8362"}],"version-history":[{"count":1,"href":"https:\/\/sindenfermeiro.com.br\/index.php\/wp-json\/wp\/v2\/posts\/8362\/revisions"}],"predecessor-version":[{"id":29401,"href":"https:\/\/sindenfermeiro.com.br\/index.php\/wp-json\/wp\/v2\/posts\/8362\/revisions\/29401"}],"wp:featuredmedia":[{"embeddable":true,"href":"https:\/\/sindenfermeiro.com.br\/index.php\/wp-json\/"}],"wp:attachment":[{"href":"https:\/\/sindenfermeiro.com.br\/index.php\/wp-json\/wp\/v2\/media?parent=8362"}],"wp:term":[{"taxonomy":"category","embeddable":true,"href":"https:\/\/sindenfermeiro.com.br\/index.php\/wp-json\/wp\/v2\/categories?post=8362"},{"taxonomy":"post_tag","embeddable":true,"href":"https:\/\/sindenfermeiro.com.br\/index.php\/wp-json\/wp\/v2\/tags?post=8362"}],"curies":[{"name":"wp","href":"https:\/\/api.w.org\/{rel}","templated":true}]}}