{"id":836,"date":"2017-02-23T17:51:23","date_gmt":"2017-02-23T17:51:23","guid":{"rendered":"http:\/\/www.sindenfermeiro.com.br\/?p=836"},"modified":"2026-04-29T08:09:45","modified_gmt":"2026-04-29T11:09:45","slug":"sindenfermeiro-elege-delegados-sindicais","status":"publish","type":"post","link":"https:\/\/sindenfermeiro.com.br\/index.php\/2017\/02\/23\/sindenfermeiro-elege-delegados-sindicais\/","title":{"rendered":"SindEnfermeiro elege Delegados Sindicais"},"content":{"rendered":"<p style=\"text-align: justify\">Os Delegados Sindicais, que representar\u00e3o o Sindicato dos Enfermeiros do Distrito Federal (SindEnfermeiro-DF) e a categoria, foram eleitos, em assembleia geral extraordin\u00e1ria, realizada na noite da \u00faltima quarta (22).<\/p>\n<p style=\"text-align: justify\">Os eleitos defender\u00e3o os direitos da categoria, al\u00e9m de organiz\u00e1-la em seu local de trabalho. Os delegados tamb\u00e9m ser\u00e3o o elo de comunica\u00e7\u00e3o entre sindicato e categoria, trabalhando, por exemplo, para a conscientiza\u00e7\u00e3o dos trabalhadores a respeito da sindicaliza\u00e7\u00e3o como instrumento de fortalecimento da enfermagem, no Distrito Federal.<\/p>\n<p style=\"text-align: justify\">Outra fun\u00e7\u00e3o a ser desempenhada pelo delegado sindical \u00e9 a busca por solu\u00e7\u00f5es para quest\u00f5es individuais e coletivas identificadas em sua unidade. O aux\u00edlio na organiza\u00e7\u00e3o e a divulga\u00e7\u00e3o de eventos promovidos pelo sindicato tamb\u00e9m est\u00e3o entre as atribui\u00e7\u00f5es dos eleitos.<\/p>\n<p style=\"text-align: justify\">O representante tamb\u00e9m pode vir a representar a diretoria do SindEnfermeiro (quando for designado) e participar de reuni\u00f5es dos Conselhos Regionais de Sa\u00fade, com o objetivo de defender os direitos da categoria. \u201cA gente tem direito a assento em todos os Conselhos Regionais de Sa\u00fade e n\u00f3s estamos batalhando para ter acesso a todos eles\u201d, confirma Dayse Amarilio, presidente do SindEnfermeiro.<\/p>\n<p style=\"text-align: justify\"><img loading=\"lazy\" decoding=\"async\" class=\"wp-image-840 aligncenter\" src=\"http:\/\/www.sindenfermeiro.com.br\/wp-content\/uploads\/2017\/02\/4.png\" alt=\"4\" width=\"331\" height=\"331\" \/><\/p>\n<p style=\"text-align: justify\">De acordo com Dayse Amarilio, cursos de treinamento, qualifica\u00e7\u00e3o e forma\u00e7\u00e3o sindicais ser\u00e3o oferecidos pela institui\u00e7\u00e3o aos representantes eleitos. \u201cN\u00f3s vamos investir em forma\u00e7\u00e3o sindical. N\u00e3o adianta voc\u00ea ser delegado e n\u00e3o ter ferramentas para lidar com as situa\u00e7\u00f5es que s\u00e3o apresentadas nos locais de trabalho\u201d, refor\u00e7a Dayse.<\/p>\n<p style=\"text-align: justify\">Adriano Limirio, diretor do sindicato, chama a aten\u00e7\u00e3o para as circunst\u00e2ncias atuais da Sa\u00fade no DF e lembra a import\u00e2ncia do resgate da participa\u00e7\u00e3o do enfermeiro, no movimento sindicalista. \u201cCada unidade de sa\u00fade tem a sua dificuldade. A precariza\u00e7\u00e3o do servi\u00e7o de sa\u00fade \u00e9 tremenda hoje. Resgastar a figura do delegado sindical \u00e9 uma oportunidade para as pessoas participarem das lutas e das conquistas. Os Delegados Sindicais s\u00e3o nosso elo de comunica\u00e7\u00e3o com a categoria\u201d, explica.<\/p>\n<p style=\"text-align: justify\"><img loading=\"lazy\" decoding=\"async\" class=\"alignnone size-full wp-image-842\" src=\"http:\/\/www.sindenfermeiro.com.br\/wp-content\/uploads\/2017\/02\/1-2.png\" alt=\"1 (2)\" width=\"800\" height=\"800\" \/><\/p>\n<p style=\"text-align: justify\"><strong>Delegada Sindical\u00a0de uma institui\u00e7\u00e3o privada sim<\/strong><\/p>\n<p style=\"text-align: justify\">Luanna Castro, foi eleita delegada sindical da\u00a0Funda\u00e7\u00e3o Sistel de Seguridade Social (rede privada). A enfermeira &#8211; que trabalhou na assist\u00eancia privada de unidades como Santa L\u00facia, Hospital Bras\u00edlia, Santa Luzia e Santa Marta \u2013 explica o que motivou sua candidatura. \u201cEu venho com o engajamento pol\u00edtico na minha categoria, desde a \u00e9poca de faculdade. Meu colegas sempre tiveram medo de ass\u00e9dio moral e persegui\u00e7\u00e3o. Mas eu n\u00e3o tenho medo de nada. A vaga de delegada tem tudo a ver com meu perfil. Eu n\u00e3o iria perder essa oportunidade\u201d, conta Luanna. \u201cInclusive, estou em meio a um processo trabalhista contra um hospital em que trabalhei. Ent\u00e3o, indiscutivelmente, eu teria que me candidatar como representante da categoria, na rede privada\u201d, refor\u00e7a.<\/p>\n<div id=\"attachment_841\" style=\"width: 810px\" class=\"wp-caption alignnone\"><img loading=\"lazy\" decoding=\"async\" aria-describedby=\"caption-attachment-841\" class=\"size-full wp-image-841\" src=\"http:\/\/www.sindenfermeiro.com.br\/wp-content\/uploads\/2017\/02\/2-5.png\" alt=\"Luanna Castro, delegada sindical, representante da rede privada de Sa\u00fade\" width=\"800\" height=\"800\" \/><p id=\"caption-attachment-841\" class=\"wp-caption-text\">Luanna Castro, delegada sindical, representante da rede privada de Sa\u00fade<\/p><\/div>\n<p style=\"text-align: justify\">Luanna chama a aten\u00e7\u00e3o para o empoderamento e a busca de conhecimento pr\u00e1tico dos trabalhadores em rela\u00e7\u00e3o aos aspectos que envolvem a categoria. \u201cPrecisamos nos empoderar. N\u00e3o h\u00e1 emporamento suficiente hoje, at\u00e9 porque &#8211; \u00e0s vezes &#8211; o trabalhador n\u00e3o conhece a legisla\u00e7\u00e3o. \u00c9 necess\u00e1rio buscar o aprofundamento e o conhecimento que o enfermeiro precisa para se engajar em causas da categoria\u201d, lembra a delegada sindical.<\/p>\n<p style=\"text-align: justify\">\u201cA gente nao pode deixar a coisa andar sem buscar as condi\u00e7\u00f5es m\u00ednimas e dignas de trabalho. N\u00e3o h\u00e1 isso na rede privada. Tem hospital que \u00e9 s\u00f3 fachada. Voc\u00ea olha por fora e \u00e9 aquela estrutura. Mas s\u00f3 quem est\u00e1 nesses hospitais sabe o que passa l\u00e1 dentro\u201d, conta, Luanna.<\/p>\n<p style=\"text-align: justify\"><strong>Juntos Somos Mais Fortes<\/strong><\/p>\n<p style=\"text-align: justify\">Luanna Castro ainda refor\u00e7a que o momento na enfermagem do Distrito Federal \u00e9 \u00fanico. Para a delegada, a nova gest\u00e3o do Sindicato dos Enfermeiro veio para lutar efetivamente pelos direitos da categoria. \u201cAs pessoas n\u00e3o participam das reuni\u00f5es e n\u00e3o eram sindicalizados porque a antiga gest\u00e3o n\u00e3o tomava a frente. Eu, como delegada, vou ter for\u00e7a e coragem para buscar e provar a eles (enfermeiros) que esta gest\u00e3o veio pra diferenciar realmente. Tenho que conscientiz\u00e1-los da import\u00e2ncia em unir a categoria\u201d, conclui Luanna.<img loading=\"lazy\" decoding=\"async\" class=\"alignnone size-full wp-image-839\" src=\"http:\/\/www.sindenfermeiro.com.br\/wp-content\/uploads\/2017\/02\/5.png\" alt=\"5\" width=\"800\" height=\"800\" \/><\/p>\n<p style=\"text-align: justify\">* Em breve, divulgaremos\u00a0a lista completa dos Delegados Sindicais eleitos<\/p>\n<p>&nbsp;<\/p>\n","protected":false},"excerpt":{"rendered":"<p>Os Delegados Sindicais, que representar\u00e3o o Sindicato dos Enfermeiros do Distrito Federal (SindEnfermeiro-DF) e a categoria, foram eleitos, em assembleia geral extraordin\u00e1ria, realizada na noite da \u00faltima quarta (22). Os eleitos defender\u00e3o os direitos da categoria, al\u00e9m de organiz\u00e1-la em seu local de trabalho. Os delegados tamb\u00e9m ser\u00e3o o elo de comunica\u00e7\u00e3o entre sindicato e [&hellip;]<\/p>\n","protected":false},"author":6,"featured_media":840,"comment_status":"closed","ping_status":"closed","sticky":false,"template":"","format":"standard","meta":{"footnotes":""},"categories":[6,2],"tags":[],"class_list":["post-836","post","type-post","status-publish","format-standard","has-post-thumbnail","hentry","category-noticias","category-teste"],"_links":{"self":[{"href":"https:\/\/sindenfermeiro.com.br\/index.php\/wp-json\/wp\/v2\/posts\/836","targetHints":{"allow":["GET"]}}],"collection":[{"href":"https:\/\/sindenfermeiro.com.br\/index.php\/wp-json\/wp\/v2\/posts"}],"about":[{"href":"https:\/\/sindenfermeiro.com.br\/index.php\/wp-json\/wp\/v2\/types\/post"}],"author":[{"embeddable":true,"href":"https:\/\/sindenfermeiro.com.br\/index.php\/wp-json\/wp\/v2\/users\/6"}],"replies":[{"embeddable":true,"href":"https:\/\/sindenfermeiro.com.br\/index.php\/wp-json\/wp\/v2\/comments?post=836"}],"version-history":[{"count":1,"href":"https:\/\/sindenfermeiro.com.br\/index.php\/wp-json\/wp\/v2\/posts\/836\/revisions"}],"predecessor-version":[{"id":29476,"href":"https:\/\/sindenfermeiro.com.br\/index.php\/wp-json\/wp\/v2\/posts\/836\/revisions\/29476"}],"wp:featuredmedia":[{"embeddable":true,"href":"https:\/\/sindenfermeiro.com.br\/index.php\/wp-json\/"}],"wp:attachment":[{"href":"https:\/\/sindenfermeiro.com.br\/index.php\/wp-json\/wp\/v2\/media?parent=836"}],"wp:term":[{"taxonomy":"category","embeddable":true,"href":"https:\/\/sindenfermeiro.com.br\/index.php\/wp-json\/wp\/v2\/categories?post=836"},{"taxonomy":"post_tag","embeddable":true,"href":"https:\/\/sindenfermeiro.com.br\/index.php\/wp-json\/wp\/v2\/tags?post=836"}],"curies":[{"name":"wp","href":"https:\/\/api.w.org\/{rel}","templated":true}]}}