{"id":828,"date":"2017-02-15T20:19:02","date_gmt":"2017-02-15T20:19:02","guid":{"rendered":"http:\/\/www.sindenfermeiro.com.br\/?p=828"},"modified":"2026-05-01T05:40:11","modified_gmt":"2026-05-01T08:40:11","slug":"gdf-da-inicio-a-reformulacao-da-atencao-primaria-a-saude","status":"publish","type":"post","link":"https:\/\/sindenfermeiro.com.br\/index.php\/2017\/02\/15\/gdf-da-inicio-a-reformulacao-da-atencao-primaria-a-saude\/","title":{"rendered":"GDF d\u00e1 in\u00edcio \u00e0 reformula\u00e7\u00e3o da Aten\u00e7\u00e3o Prim\u00e1ria \u00e0 Sa\u00fade"},"content":{"rendered":"<p style=\"text-align: justify\"><strong><em>Portarias publicadas hoje (15) estabelecem como ser\u00e1 a reformula\u00e7\u00e3o, que prioriza o modelo estrat\u00e9gico de Sa\u00fade da Fam\u00edlia<\/em><\/strong><\/p>\n<p style=\"text-align: justify\">O Governo do Distrito Federal (GDF) publicou hoje (15), as Portarias 77\/2017 e 78\/2017, que estabelecem as diretrizes a serem seguidas na reformula\u00e7\u00e3o da Aten\u00e7\u00e3o Prim\u00e1ria \u00e0 Sa\u00fade (APS). O objetivo \u00e9 que todas as unidades b\u00e1sicas funcionem com equipes de Sa\u00fade da Fam\u00edlia.<\/p>\n<p style=\"text-align: justify\">De acordo com o GDF, as 63 Unidade B\u00e1sicas de Sa\u00fade (UBS) mistas e tradicionais &#8211; que funcionam hoje &#8211; ser\u00e3o convertidas, progressivamente. Durante esse processo, 110 equipes ser\u00e3o criadas para realizarem a transi\u00e7\u00e3o. Segundo o Governo, essas equipes ser\u00e3o compostas por 3 m\u00e9dicos (cl\u00ednico, pediatra e ginecologista), 3 enfermeiros e 6 t\u00e9cnicos de enfermagem \u2013 todos cumprindo 40 horas \u2013 e 6 agentes comunit\u00e1rios de sa\u00fade (conforme a disponibilidade da regi\u00e3o). O governo tamb\u00e9m afirma que os funcion\u00e1rios que optarem por fazerem parte das equipes de transi\u00e7\u00e3o receber\u00e3o todo o suporte de capacita\u00e7\u00e3o.<\/p>\n<p style=\"text-align: justify\">A Portaria 78\/2017 estabelece o prazo de 45 dias (contados a partir de sua publica\u00e7\u00e3o) para que cada superintend\u00eancia apresente o seu planejamento de convers\u00e3o. Para isto, deve ser feita a an\u00e1lise da demanda de servidores que querem fazer parte das equipes de transi\u00e7\u00e3o. Esses profissionais t\u00eam 30 dias para comunicar \u00e0 sua ger\u00eancia.<\/p>\n<div id=\"attachment_829\" style=\"width: 810px\" class=\"wp-caption alignnone\"><img loading=\"lazy\" decoding=\"async\" aria-describedby=\"caption-attachment-829\" class=\"size-full wp-image-829\" src=\"http:\/\/www.sindenfermeiro.com.br\/wp-content\/uploads\/2017\/02\/1-1.png\" alt=\"Reuni\u00e3o do Conselho de Sa\u00fade do DF com representantes do Governo\" width=\"800\" height=\"800\" \/><p id=\"caption-attachment-829\" class=\"wp-caption-text\">Reuni\u00e3o do Conselho de Sa\u00fade do DF com representantes do Governo<\/p><\/div>\n<p style=\"text-align: justify\"><strong>Remanejamento de servidores <\/strong><\/p>\n<p style=\"text-align: justify\">De acordo com o GDF, o servidor que n\u00e3o optar pelas equipes de transi\u00e7\u00e3o ser\u00e1 remanejado. \u201cDe acordo com os crit\u00e9rios, ele ser\u00e1 alocado em outro servi\u00e7o dentro da pr\u00f3pria regi\u00e3o ou fora\u201d, explica o coordenador de Aten\u00e7\u00e3o Prim\u00e1ria da Secretaria de Sa\u00fade do DF, Marcus Quito. Ainda de acordo com Marcus Quito, as Unidades B\u00e1sicas de Sa\u00fade tradicionais t\u00eam 4 meses para funcionar, exclusivamente, com equipes de transi\u00e7\u00e3o.<\/p>\n<p style=\"text-align: justify\"><strong>Tudo come\u00e7a pela Ceil\u00e2ndia<\/strong><\/p>\n<p style=\"text-align: justify\">O redimensionamento das equipes come\u00e7ar\u00e1 por Ceil\u00e2ndia. De acordo com o coordenador de Aten\u00e7\u00e3o Prim\u00e1ria da Secretaria de Sa\u00fade, a cidade foi escolhida por \u201cpossuir os maiores \u00edndices de vulnerabilidade expl\u00edcita, econ\u00f4mica, epidemiol\u00f3gica\u201d, explica.<\/p>\n<p style=\"text-align: justify\">Ainda de acordo com Marcus Quito, das 15 unidades de sa\u00fade da cidade, 4 s\u00e3o de possuem atendimento de sa\u00fade da fam\u00edlia: n\u00famero que o GDF considera baixo para mudar os padr\u00f5es sociais e epidemiol\u00f3gicos. O GDF afirma que as 11 unidades restantes tamb\u00e9m ser\u00e3o convertidas. Durante o processo, 9 delas passar\u00e3o pelo processo de transi\u00e7\u00e3o e duas unidades \u2013 Centro de Sa\u00fade 8 e 10 &#8211; ser\u00e3o automaticamente convertidas.<\/p>\n<p style=\"text-align: justify\">Este processo se estender\u00e1 at\u00e9 junho de 2017. Segundo o planejamento, 252 servidores que ter\u00e3o op\u00e7\u00e3o de fazer parte da transi\u00e7\u00e3o. O governo afirma que ser\u00e3o cerca de 236 mil cidad\u00e3os inseridos nos atendimentos da regi\u00e3o.<\/p>\n<div id=\"attachment_830\" style=\"width: 910px\" class=\"wp-caption alignnone\"><img loading=\"lazy\" decoding=\"async\" aria-describedby=\"caption-attachment-830\" class=\"size-medium wp-image-830\" src=\"http:\/\/www.sindenfermeiro.com.br\/wp-content\/uploads\/2017\/02\/WhatsApp-Image-2017-02-13-at-12.16.30-900x675.jpeg\" alt=\"A\u00e7\u00e3o no Centro de Sa\u00fade 8 de Ceil\u00e2ndia\" width=\"900\" height=\"675\" \/><p id=\"caption-attachment-830\" class=\"wp-caption-text\">A\u00e7\u00e3o no Centro de Sa\u00fade 8 de Ceil\u00e2ndia<\/p><\/div>\n<p style=\"text-align: justify\">Na \u00faltima ter\u00e7a-feira (15), o SindEnfermeiro esteve no Centro de Sa\u00fade 8 de Ceil\u00e2ndia, onde os servidores est\u00e3o indignados com a falta de informa\u00e7\u00e3o sobre o redimensionamento e a arbitrariedade do Governo em rela\u00e7\u00e3o \u00e0s provid\u00eancias tomadas, sem a devido consenso com a classe trabalhadora.<\/p>\n<p style=\"text-align: justify\">No mesmo dia, representantes das categorias \u2013 dentre eles, o Sindicato dos Enfermeiros do Distrito Federal \u2013 se reuniram com a diretoria regional e com o Conselho de Sa\u00fade &#8211; no intuito de que os aspectos da transi\u00e7\u00e3o fossem informados de maneira clara aos trabalhadores.<\/p>\n<p style=\"text-align: justify\"><img loading=\"lazy\" decoding=\"async\" class=\"alignnone size-full wp-image-831\" src=\"http:\/\/www.sindenfermeiro.com.br\/wp-content\/uploads\/2017\/02\/3-1.png\" alt=\"3 (1)\" width=\"800\" height=\"800\" \/><\/p>\n<p style=\"text-align: justify\"><strong>Mudan\u00e7as no funcionamento das Unidades B\u00e1sicas de Sa\u00fade<\/strong><\/p>\n<p style=\"text-align: justify\">O hor\u00e1rio de funcionamento das Unidades B\u00e1sicas de Sa\u00fade (UBS) em transi\u00e7\u00e3o ser\u00e1 das 7h \u00e0s 19h (de segunda \u00e0 sexta) e das 7h \u00e0s 12h (aos s\u00e1bados). O Governo afirma que o atendimento acontecer\u00e1 com hora marcada. As UBS ter\u00e3o territ\u00f3rio de responsabilidade definido &#8211; com a devida cobran\u00e7a das equipes, baseando-se nos par\u00e2metros indicados pelo territ\u00f3rio -.<\/p>\n<p style=\"text-align: justify\">Ainda de acordo com o GDF, todas as unidades ser\u00e3o informatizadas e ter\u00e3o melhorias estruturais de equipamentos e da identidade visual.<\/p>\n<p style=\"text-align: justify\"><strong>Poss\u00edvel legado<\/strong><\/p>\n<p style=\"text-align: justify\">O Governo do Distrito Federal prev\u00ea a expans\u00e3o para 75% (hoje s\u00e3o 33%) de cobertura de atendimentos com sa\u00fade da fam\u00edlia. Segundo o GDF, isso significa cerca 2 milh\u00f5es de habitantes inclu\u00eddos. Marcus Quito, coordenador de Aten\u00e7\u00e3o Prim\u00e1ria da Secretaria de Sa\u00fade do DF, afirma que ser\u00e3o 576 equipes de Estrat\u00e9gia de Sa\u00fade da Fam\u00edlia, ao contr\u00e1rio das 248 que existem hoje.<\/p>\n<p style=\"text-align: justify\">Dentre outras a\u00e7\u00f5es, o GDF assume o compromisso da cria\u00e7\u00e3o e consolida\u00e7\u00e3o dos N\u00facleos de Apoio \u00e0 Sa\u00fade da Fam\u00edlia (NASF), al\u00e9m do monitoramento do processo de trabalho e dos resultados das equipes de transi\u00e7\u00e3o. Ainda de acordo com o Governo, as Unidades B\u00e1sicas de Sa\u00fade ter\u00e3o a carteira de servi\u00e7os ampliada, com aumento da resolutividade.<\/p>\n<p style=\"text-align: justify\">Marcus Quito explica que \u201cser\u00e3o constitu\u00eddas 7 unidades de aten\u00e7\u00e3o especializada, em cada regi\u00e3o\u201d. \u201cA ideia \u00e9 que n\u00e3o tenhamos que fazer nossa popula\u00e7\u00e3o peregrinar. A peregrina\u00e7\u00e3o tem que acabar\u201d, afirma Quito se referindo aos cidad\u00e3os que procuram diversas unidades de sa\u00fade fora das regi\u00f5es onde moram, por conta da falta do atendimento prestado pelo Governo.<\/p>\n<p style=\"text-align: justify\">Quito afirma tamb\u00e9m que 15 UBS novas ser\u00e3o constru\u00eddas e 14 reformas ser\u00e3o realizadas. Al\u00e9m disso, ser\u00e1 feito chamamento p\u00fablico de loca\u00e7\u00e3o de im\u00f3veis para 36 localidades, aquisi\u00e7\u00e3o de mobili\u00e1rio e compra e distribui\u00e7\u00e3o de cerca de 4 mil equipamentos para a rede de aten\u00e7\u00e3o prim\u00e1ria do Distrito Federal.<\/p>\n<p style=\"text-align: justify\"><strong>Trabalhadores vigilantes<\/strong><\/p>\n<p style=\"text-align: justify\">O SindEnfermeiro se coloca \u00e0 disposi\u00e7\u00e3o dos enfermeiros do Distrito Federal na defesa e no esclarecimento dos direitos do trabalhador. O servidor da sa\u00fade no DF permanece vigilante para garantir que as diretrizes que fortalecem a Sa\u00fade do Distrito Federal sejam seguidas, sem preju\u00edzo ao cidad\u00e3o e ao trabalhador.<\/p>\n","protected":false},"excerpt":{"rendered":"<p>Portarias publicadas hoje (15) estabelecem como ser\u00e1 a reformula\u00e7\u00e3o, que prioriza o modelo estrat\u00e9gico de Sa\u00fade da Fam\u00edlia O Governo do Distrito Federal (GDF) publicou hoje (15), as Portarias 77\/2017 e 78\/2017, que estabelecem as diretrizes a serem seguidas na reformula\u00e7\u00e3o da Aten\u00e7\u00e3o Prim\u00e1ria \u00e0 Sa\u00fade (APS). O objetivo \u00e9 que todas as unidades b\u00e1sicas [&hellip;]<\/p>\n","protected":false},"author":6,"featured_media":829,"comment_status":"closed","ping_status":"closed","sticky":false,"template":"","format":"standard","meta":{"footnotes":""},"categories":[6,2],"tags":[],"class_list":["post-828","post","type-post","status-publish","format-standard","has-post-thumbnail","hentry","category-noticias","category-teste"],"_links":{"self":[{"href":"https:\/\/sindenfermeiro.com.br\/index.php\/wp-json\/wp\/v2\/posts\/828","targetHints":{"allow":["GET"]}}],"collection":[{"href":"https:\/\/sindenfermeiro.com.br\/index.php\/wp-json\/wp\/v2\/posts"}],"about":[{"href":"https:\/\/sindenfermeiro.com.br\/index.php\/wp-json\/wp\/v2\/types\/post"}],"author":[{"embeddable":true,"href":"https:\/\/sindenfermeiro.com.br\/index.php\/wp-json\/wp\/v2\/users\/6"}],"replies":[{"embeddable":true,"href":"https:\/\/sindenfermeiro.com.br\/index.php\/wp-json\/wp\/v2\/comments?post=828"}],"version-history":[{"count":1,"href":"https:\/\/sindenfermeiro.com.br\/index.php\/wp-json\/wp\/v2\/posts\/828\/revisions"}],"predecessor-version":[{"id":25530,"href":"https:\/\/sindenfermeiro.com.br\/index.php\/wp-json\/wp\/v2\/posts\/828\/revisions\/25530"}],"wp:featuredmedia":[{"embeddable":true,"href":"https:\/\/sindenfermeiro.com.br\/index.php\/wp-json\/"}],"wp:attachment":[{"href":"https:\/\/sindenfermeiro.com.br\/index.php\/wp-json\/wp\/v2\/media?parent=828"}],"wp:term":[{"taxonomy":"category","embeddable":true,"href":"https:\/\/sindenfermeiro.com.br\/index.php\/wp-json\/wp\/v2\/categories?post=828"},{"taxonomy":"post_tag","embeddable":true,"href":"https:\/\/sindenfermeiro.com.br\/index.php\/wp-json\/wp\/v2\/tags?post=828"}],"curies":[{"name":"wp","href":"https:\/\/api.w.org\/{rel}","templated":true}]}}