{"id":818,"date":"2017-02-07T20:01:26","date_gmt":"2017-02-07T20:01:26","guid":{"rendered":"http:\/\/www.sindenfermeiro.com.br\/?p=818"},"modified":"2026-04-29T09:32:01","modified_gmt":"2026-04-29T12:32:01","slug":"diretores-do-sindenfermeiro-df-participam-de-seminario-nacional-contra-a-reforma-da-previdencia","status":"publish","type":"post","link":"https:\/\/sindenfermeiro.com.br\/index.php\/2017\/02\/07\/diretores-do-sindenfermeiro-df-participam-de-seminario-nacional-contra-a-reforma-da-previdencia\/","title":{"rendered":"Diretores do SindEnfermeiro DF participam de Semin\u00e1rio Nacional Contra a Reforma da Previd\u00eancia"},"content":{"rendered":"<p style=\"text-align: justify\">Diretores do Sindicato dos Enfermeiros do Distrito Federal (SindEnfermeiro-DF) participaram do Semin\u00e1rio Nacional Contra a Reforma da Previd\u00eancia, promovido pela Central Sindical e Popular (CSP Conlutas), no \u00faltimo s\u00e1bado (4), em S\u00e3o Paulo. O semin\u00e1rio foi organizado em duas mesas de debates, que abordaram\u00a0elementos centrais para a compreens\u00e3o da Reforma da Previd\u00eancia do Governo Temer, \u00a0projeto que retira direitos conquistados pelos trabalhadores.<\/p>\n<p style=\"text-align: justify\">Para os palestrantes, todos os governos atacaram, em alguma medida, a Previd\u00eancia, mas \u00e9 consenso que a Proposta de Emenda \u00e0 Constitui\u00e7\u00e3o (PEC) 287\/16, enviada pelo Governo Temer ao Congresso, pode representar o fim das aposentadorias.<\/p>\n<p style=\"text-align: justify\"><img loading=\"lazy\" decoding=\"async\" class=\"alignnone size-medium wp-image-821\" src=\"http:\/\/www.sindenfermeiro.com.br\/wp-content\/uploads\/2017\/02\/WhatsApp-Image-2017-02-07-at-09.41.07-900x599.jpeg\" alt=\"WhatsApp Image 2017-02-07 at 09.41.07\" width=\"900\" height=\"599\" \/><\/p>\n<p style=\"text-align: justify\">A participa\u00e7\u00e3o dos diretores do SindEnfermeiro-DF foi de suma import\u00e2ncia, tendo em vista o\u00a0compartilhamento de\u00a0informa\u00e7\u00f5es t\u00e9cnicas e pol\u00edticas que contribu\u00edram para o maior conhecimento \u00a0a respeito dos temas debatidos. Para o sindicato, \u00e9 vital a participa\u00e7\u00e3o em espa\u00e7os de unidade de a\u00e7\u00e3o com outros sindicatos e movimentos sociais contra a Reforma da Previd\u00eancia. Esclarecer, aos trabalhadores e \u00e0s trabalhadoras, as conseq\u00fc\u00eancias nocivas da reforma proposta pelo Governo Temer \u00e9 mais uma prioridade para n\u00f3s do SindEnfermeiro.<\/p>\n<p style=\"text-align: justify\"><img loading=\"lazy\" decoding=\"async\" class=\"alignnone size-medium wp-image-820\" src=\"http:\/\/www.sindenfermeiro.com.br\/wp-content\/uploads\/2017\/02\/WhatsApp-Image-2017-02-07-at-09.41.08-900x599.jpeg\" alt=\"WhatsApp Image 2017-02-07 at 09.41.08\" width=\"900\" height=\"599\" \/><\/p>\n<p style=\"text-align: justify\">A Previd\u00eancia \u00e9 respons\u00e1vel pelo pagamento de diversos benef\u00edcios ao trabalhador brasileiro. Dentre eles, aposentadoria, sal\u00e1rio-maternidade, sal\u00e1rio-fam\u00edlia, aux\u00edlio-doen\u00e7a e pens\u00e3o por mortes. Essa Reforma da Previd\u00eancia pode ser o fim de todos esses benef\u00edcios conquistados e garantidos atrav\u00e9s da\u00a0Constitui\u00e7\u00e3o de 1988.<\/p>\n<p style=\"text-align: justify\"><strong>Mesas de debate<\/strong><\/p>\n<p style=\"text-align: justify\">A primeira mesa, com o tema de \u201cA Seguridade Social \u00e9 um direito; A d\u00edvida p\u00fablica \u00e9 um saque. Diga n\u00e3o \u00e0 Reforma da Previd\u00eancia!\u201d, contou com a participa\u00e7\u00e3o de Maria L\u00facia Fattorelli, auditora fiscal e coordenadora da organiza\u00e7\u00e3o brasileira Auditoria Cidad\u00e3 da D\u00edvida; Sara Granemann, professora da UFRJ (Universidade Federal do Rio de Janeiro) e Vilson Antonio Romero, presidente do Conselho Executivo da ANFIP (Associa\u00e7\u00e3o Nacional dos Auditores-Fiscais da Receita Federal do Brasil).<\/p>\n<p style=\"text-align: justify\">\n<img loading=\"lazy\" decoding=\"async\" class=\"alignnone size-medium wp-image-819\" src=\"http:\/\/www.sindenfermeiro.com.br\/wp-content\/uploads\/2017\/02\/WhatsApp-Image-2017-02-07-at-09.41.08-1-900x599.jpeg\" alt=\"WhatsApp Image 2017-02-07 at 09.41.08 (1)\" width=\"900\" height=\"599\" \/><\/p>\n<p style=\"text-align: justify\">A segunda mesa, \u201cUnidade de a\u00e7\u00e3o para barrar a Reforma da Previd\u00eancia!\u201d, teve como expositores Erika Andreassy do MML (Movimento Mulheres em Luta), Jorge Luiz Souto Maior, jurista e professor de Direito do Trabalho Brasileiro na USP (Universidade S\u00e3o Paulo), Roberto Parahyba de Arruda Pinto, presidente da ABRAT (Associa\u00e7\u00e3o Brasileira de Advogados Trabalhistas) e Warley Martins, presidente da COBAP (Confedera\u00e7\u00e3o Brasileira de Aposentados e Pensionistas).<\/p>\n","protected":false},"excerpt":{"rendered":"<p>Diretores do Sindicato dos Enfermeiros do Distrito Federal (SindEnfermeiro-DF) participaram do Semin\u00e1rio Nacional Contra a Reforma da Previd\u00eancia, promovido pela Central Sindical e Popular (CSP Conlutas), no \u00faltimo s\u00e1bado (4), em S\u00e3o Paulo. O semin\u00e1rio foi organizado em duas mesas de debates, que abordaram\u00a0elementos centrais para a compreens\u00e3o da Reforma da Previd\u00eancia do Governo Temer, [&hellip;]<\/p>\n","protected":false},"author":6,"featured_media":821,"comment_status":"closed","ping_status":"closed","sticky":false,"template":"","format":"standard","meta":{"footnotes":""},"categories":[6,2],"tags":[],"class_list":["post-818","post","type-post","status-publish","format-standard","has-post-thumbnail","hentry","category-noticias","category-teste"],"_links":{"self":[{"href":"https:\/\/sindenfermeiro.com.br\/index.php\/wp-json\/wp\/v2\/posts\/818","targetHints":{"allow":["GET"]}}],"collection":[{"href":"https:\/\/sindenfermeiro.com.br\/index.php\/wp-json\/wp\/v2\/posts"}],"about":[{"href":"https:\/\/sindenfermeiro.com.br\/index.php\/wp-json\/wp\/v2\/types\/post"}],"author":[{"embeddable":true,"href":"https:\/\/sindenfermeiro.com.br\/index.php\/wp-json\/wp\/v2\/users\/6"}],"replies":[{"embeddable":true,"href":"https:\/\/sindenfermeiro.com.br\/index.php\/wp-json\/wp\/v2\/comments?post=818"}],"version-history":[{"count":1,"href":"https:\/\/sindenfermeiro.com.br\/index.php\/wp-json\/wp\/v2\/posts\/818\/revisions"}],"predecessor-version":[{"id":33016,"href":"https:\/\/sindenfermeiro.com.br\/index.php\/wp-json\/wp\/v2\/posts\/818\/revisions\/33016"}],"wp:featuredmedia":[{"embeddable":true,"href":"https:\/\/sindenfermeiro.com.br\/index.php\/wp-json\/"}],"wp:attachment":[{"href":"https:\/\/sindenfermeiro.com.br\/index.php\/wp-json\/wp\/v2\/media?parent=818"}],"wp:term":[{"taxonomy":"category","embeddable":true,"href":"https:\/\/sindenfermeiro.com.br\/index.php\/wp-json\/wp\/v2\/categories?post=818"},{"taxonomy":"post_tag","embeddable":true,"href":"https:\/\/sindenfermeiro.com.br\/index.php\/wp-json\/wp\/v2\/tags?post=818"}],"curies":[{"name":"wp","href":"https:\/\/api.w.org\/{rel}","templated":true}]}}