{"id":812,"date":"2017-02-01T19:51:38","date_gmt":"2017-02-01T19:51:38","guid":{"rendered":"http:\/\/www.sindenfermeiro.com.br\/?p=812"},"modified":"2026-05-01T05:40:21","modified_gmt":"2026-05-01T08:40:21","slug":"assembleia-do-sindenfermeiro-debate-imposto-sindical-e-acordos-coletivos","status":"publish","type":"post","link":"https:\/\/sindenfermeiro.com.br\/index.php\/2017\/02\/01\/assembleia-do-sindenfermeiro-debate-imposto-sindical-e-acordos-coletivos\/","title":{"rendered":"Em assembleia, SindEnfermeiro debate imposto sindical e acordos coletivos"},"content":{"rendered":"<p>Nesta quinta-feira (2), a partir das 19h, o Sindicato dos Enfermeiros do Distrito Federal realiza\u00a0assembleia para debater quest\u00f5es como o imposto sindical, a conven\u00e7\u00e3o coletiva da rede privada e o acordo coletivo referente ao hospital Santa L\u00facia. A assembleia ser\u00e1 na sede do SindEnfermeiro-DF.<\/p>\n<p><img loading=\"lazy\" decoding=\"async\" class=\"alignnone size-full wp-image-813\" src=\"http:\/\/www.sindenfermeiro.com.br\/wp-content\/uploads\/2017\/02\/SINDICATO-7.png\" alt=\"SINDICATO (7)\" width=\"800\" height=\"800\" \/><\/p>\n","protected":false},"excerpt":{"rendered":"<p>Nesta quinta-feira (2), a partir das 19h, o Sindicato dos Enfermeiros do Distrito Federal realiza\u00a0assembleia para debater quest\u00f5es como o imposto sindical, a conven\u00e7\u00e3o coletiva da rede privada e o acordo coletivo referente ao hospital Santa L\u00facia. A assembleia ser\u00e1 na sede do SindEnfermeiro-DF.<\/p>\n","protected":false},"author":6,"featured_media":813,"comment_status":"closed","ping_status":"closed","sticky":false,"template":"","format":"standard","meta":{"footnotes":""},"categories":[6,2],"tags":[],"class_list":["post-812","post","type-post","status-publish","format-standard","has-post-thumbnail","hentry","category-noticias","category-teste"],"_links":{"self":[{"href":"https:\/\/sindenfermeiro.com.br\/index.php\/wp-json\/wp\/v2\/posts\/812","targetHints":{"allow":["GET"]}}],"collection":[{"href":"https:\/\/sindenfermeiro.com.br\/index.php\/wp-json\/wp\/v2\/posts"}],"about":[{"href":"https:\/\/sindenfermeiro.com.br\/index.php\/wp-json\/wp\/v2\/types\/post"}],"author":[{"embeddable":true,"href":"https:\/\/sindenfermeiro.com.br\/index.php\/wp-json\/wp\/v2\/users\/6"}],"replies":[{"embeddable":true,"href":"https:\/\/sindenfermeiro.com.br\/index.php\/wp-json\/wp\/v2\/comments?post=812"}],"version-history":[{"count":1,"href":"https:\/\/sindenfermeiro.com.br\/index.php\/wp-json\/wp\/v2\/posts\/812\/revisions"}],"predecessor-version":[{"id":33014,"href":"https:\/\/sindenfermeiro.com.br\/index.php\/wp-json\/wp\/v2\/posts\/812\/revisions\/33014"}],"wp:featuredmedia":[{"embeddable":true,"href":"https:\/\/sindenfermeiro.com.br\/index.php\/wp-json\/"}],"wp:attachment":[{"href":"https:\/\/sindenfermeiro.com.br\/index.php\/wp-json\/wp\/v2\/media?parent=812"}],"wp:term":[{"taxonomy":"category","embeddable":true,"href":"https:\/\/sindenfermeiro.com.br\/index.php\/wp-json\/wp\/v2\/categories?post=812"},{"taxonomy":"post_tag","embeddable":true,"href":"https:\/\/sindenfermeiro.com.br\/index.php\/wp-json\/wp\/v2\/tags?post=812"}],"curies":[{"name":"wp","href":"https:\/\/api.w.org\/{rel}","templated":true}]}}