{"id":8102,"date":"2019-06-13T18:59:48","date_gmt":"2019-06-13T18:59:48","guid":{"rendered":"http:\/\/www.sindenfermeiro.com.br\/?p=8102"},"modified":"2026-04-26T17:54:20","modified_gmt":"2026-04-26T20:54:20","slug":"sindenfermeiro-assina-acordo-de-cooperacao-com-inss-para-beneficiar-enfermeiros","status":"publish","type":"post","link":"https:\/\/sindenfermeiro.com.br\/index.php\/2019\/06\/13\/sindenfermeiro-assina-acordo-de-cooperacao-com-inss-para-beneficiar-enfermeiros\/","title":{"rendered":"SindEnfermeiro assina acordo de coopera\u00e7\u00e3o com INSS para beneficiar enfermeiros"},"content":{"rendered":"<style type=\"text\/css\">\n#foogallery-gallery-8123 .fg-image { width: 640px; }<\/style>\n\t\t\t<div class=\"foogallery foogallery-container foogallery-image-viewer foogallery-link-image foogallery-lightbox-none fg-center fg-image-viewer fg-ready fg-light fg-border-thin fg-shadow-outline fg-loading-default fg-loaded-fade-in fg-caption-hover fg-hover-fade fg-hover-zoom\" id=\"foogallery-gallery-8123\" data-foogallery=\"{&quot;item&quot;:{&quot;showCaptionTitle&quot;:true,&quot;showCaptionDescription&quot;:true},&quot;lazy&quot;:true,&quot;template&quot;:{&quot;loop&quot;:true}}\" style=\"--fg-title-line-clamp: 0; --fg-description-line-clamp: 0;\" >\n\t<div class=\"fiv-inner\">\n\t\t<div class=\"fiv-inner-container\">\n\t\t\t\t\t<\/div>\n\t\t<div class=\"fiv-ctrls\">\n\t\t\t<button type=\"button\" class=\"fiv-prev\" title=\"Prev\"><span>Prev<\/span><\/button>\n\t\t\t<label class=\"fiv-count\"><span class=\"fiv-count-current\">1<\/span>of<span class=\"fiv-count-total\">18<\/span><\/label>\n\t\t\t<button type=\"button\" class=\"fiv-next\" title=\"Next\"><span>Next<\/span><\/button>\n\t\t<\/div>\n\t<\/div>\n<\/div>\n<p><em><strong>Aten\u00e7\u00e3o enfermeiros sindicalizados, novidade para voc\u00eas!<\/strong><\/em><\/p>\n<p>A presidente do SindEnfermeiro, Dayse Amar\u00edlio, assinou na \u00faltima quarta-feira (12) um Acordo de Coopera\u00e7\u00e3o T\u00e9cnica com o Instituto Nacional do Seguro Social (INSS) que permite que o sindicato operacionalize requerimentos dos servi\u00e7os e benef\u00edcios concedidos pela Previd\u00eancia Social. O acordo permite que os filiados ao sindicato possam fazer requerimentos de servi\u00e7os do INSS, assim como acompanh\u00e1-lo em tempo real, sem precisar comparecer nos postos de atendimento do \u00f3rg\u00e3o.<\/p>\n<p>\u201cEsse \u00e9 mais um servi\u00e7o para os nossos sindicalizados, tanto celetistas, quanto estatut\u00e1rios. Fomos recebidos pelo Dr. Roberto Braga, superintendente do INSS da regi\u00e3o Centro-Oeste e Norte, e ficamos surpresos em saber que esse tipo de acordo permite que as an\u00e1lises dos processos do INSS sejam mais \u00e1geis, pois a partir do momento em que voc\u00ea demanda menos dos servidores do \u00f3rg\u00e3o nas ag\u00eancias\u201d, afirma Dayse Amar\u00edlio.<\/p>\n<p>At\u00e9 o final do m\u00eas uma equipe de funcion\u00e1rios do SindEnfermeiro passar\u00e1 por treinamento com uma equipe do INSS e a previs\u00e3o \u00e9 que at\u00e9 o in\u00edcio do pr\u00f3ximo semestre o servi\u00e7o j\u00e1 esteja dispon\u00edvel para os enfermeiros sindicalizados.<\/p>\n<p>Entre os servi\u00e7os dispon\u00edveis estar\u00e3o: solicita\u00e7\u00e3o de aposentadoria por idade, aposentadoria por tempo de contribui\u00e7\u00e3o, pens\u00e3o por morte, aux\u00edlio reclus\u00e3o, sal\u00e1rio maternidade, certid\u00e3o de tempo de contribui\u00e7\u00e3o, extratos previdenci\u00e1rios, revis\u00f5es de benef\u00edcios, dentre outros.<\/p>\n","protected":false},"excerpt":{"rendered":"<p>Aten\u00e7\u00e3o enfermeiros sindicalizados, novidade para voc\u00eas! A presidente do SindEnfermeiro, Dayse Amar\u00edlio, assinou na \u00faltima quarta-feira (12) um Acordo de Coopera\u00e7\u00e3o T\u00e9cnica com o Instituto Nacional do Seguro Social (INSS) que permite que o sindicato operacionalize requerimentos dos servi\u00e7os e benef\u00edcios concedidos pela Previd\u00eancia Social. O acordo permite que os filiados ao sindicato possam fazer [&hellip;]<\/p>\n","protected":false},"author":6,"featured_media":8118,"comment_status":"closed","ping_status":"closed","sticky":false,"template":"","format":"standard","meta":{"footnotes":""},"categories":[6,13,5],"tags":[292,7,99,127,293,21],"class_list":["post-8102","post","type-post","status-publish","format-standard","has-post-thumbnail","hentry","category-noticias","category-rede-privada","category-rede-publica","tag-aposentadoria","tag-enfermagem","tag-enfermagem-df","tag-inss","tag-sindenfermeirio","tag-sindenfermeiro"],"_links":{"self":[{"href":"https:\/\/sindenfermeiro.com.br\/index.php\/wp-json\/wp\/v2\/posts\/8102","targetHints":{"allow":["GET"]}}],"collection":[{"href":"https:\/\/sindenfermeiro.com.br\/index.php\/wp-json\/wp\/v2\/posts"}],"about":[{"href":"https:\/\/sindenfermeiro.com.br\/index.php\/wp-json\/wp\/v2\/types\/post"}],"author":[{"embeddable":true,"href":"https:\/\/sindenfermeiro.com.br\/index.php\/wp-json\/wp\/v2\/users\/6"}],"replies":[{"embeddable":true,"href":"https:\/\/sindenfermeiro.com.br\/index.php\/wp-json\/wp\/v2\/comments?post=8102"}],"version-history":[{"count":1,"href":"https:\/\/sindenfermeiro.com.br\/index.php\/wp-json\/wp\/v2\/posts\/8102\/revisions"}],"predecessor-version":[{"id":36858,"href":"https:\/\/sindenfermeiro.com.br\/index.php\/wp-json\/wp\/v2\/posts\/8102\/revisions\/36858"}],"wp:featuredmedia":[{"embeddable":true,"href":"https:\/\/sindenfermeiro.com.br\/index.php\/wp-json\/"}],"wp:attachment":[{"href":"https:\/\/sindenfermeiro.com.br\/index.php\/wp-json\/wp\/v2\/media?parent=8102"}],"wp:term":[{"taxonomy":"category","embeddable":true,"href":"https:\/\/sindenfermeiro.com.br\/index.php\/wp-json\/wp\/v2\/categories?post=8102"},{"taxonomy":"post_tag","embeddable":true,"href":"https:\/\/sindenfermeiro.com.br\/index.php\/wp-json\/wp\/v2\/tags?post=8102"}],"curies":[{"name":"wp","href":"https:\/\/api.w.org\/{rel}","templated":true}]}}