{"id":8006,"date":"2019-06-10T17:13:28","date_gmt":"2019-06-10T17:13:28","guid":{"rendered":"http:\/\/www.sindenfermeiro.com.br\/?p=8006"},"modified":"2026-04-26T21:59:10","modified_gmt":"2026-04-27T00:59:10","slug":"vi-sus-junino-de-enfermagem-da-escola-superior-de-ciencias-da-saude-escs","status":"publish","type":"post","link":"https:\/\/sindenfermeiro.com.br\/index.php\/2019\/06\/10\/vi-sus-junino-de-enfermagem-da-escola-superior-de-ciencias-da-saude-escs\/","title":{"rendered":"VI SUS Junino de Enfermagem da Escola Superior de Ci\u00eancias da Sa\u00fade (ESCS)"},"content":{"rendered":"<p><img loading=\"lazy\" decoding=\"async\" class=\" wp-image-8007 aligncenter\" src=\"http:\/\/www.sindenfermeiro.com.br\/wp-content\/uploads\/2019\/06\/SUS-Junino-2019-637x900.jpg\" alt=\"\" width=\"481\" height=\"680\" \/><\/p>\n<p>A Escola Superior de Ci\u00eancias da Sa\u00fade (ESCS) convida a todos para participar do VI SUS Junino da Enfermagem, no dia 12 de junho (quarta), das 8h \u00e0s 12h, no campus Samambaia.<\/p>\n<p>O SUS Junino \u00e9 um evento anual, organizado pelos alunos do 1\u00ba ano do curso de Enfermagem da institui\u00e7\u00e3o, com o objetivo de apresentar e trabalhar as tem\u00e1ticas do Sistema \u00danico de Sa\u00fade de maneira l\u00fadica, e ao mesmo tempo cient\u00edfica e cultural! Participe!<\/p>\n<div class=\"text_exposed_show\">\n<p>[VI SUS Junino da Enfermagem]<\/p>\n<p><span class=\"_5mfr\"><span class=\"_6qdm\">&#x1f4c6;<\/span><\/span>\u00a0Quando? Dia 12 de junho, quarta-feira<\/p>\n<p><span class=\"_5mfr\"><span class=\"_6qdm\">&#x1f4cd;<\/span><\/span>\u00a0Onde? Escola Superior de Ci\u00eancias da Sa\u00fade (ESCS), Campus Samambaia: Quadra 301, Conjunto 04, Lote 1 \u2013 Centro Urbano<\/p>\n<p><span class=\"_5mfr\"><span class=\"_6qdm\">&#x23f0;<\/span><\/span>\u00a0Que horas? 8h \u00e0s 12h<\/p>\n<\/div>\n","protected":false},"excerpt":{"rendered":"<p>A Escola Superior de Ci\u00eancias da Sa\u00fade (ESCS) convida a todos para participar do VI SUS Junino da Enfermagem, no dia 12 de junho (quarta), das 8h \u00e0s 12h, no campus Samambaia. O SUS Junino \u00e9 um evento anual, organizado pelos alunos do 1\u00ba ano do curso de Enfermagem da institui\u00e7\u00e3o, com o objetivo de [&hellip;]<\/p>\n","protected":false},"author":6,"featured_media":8007,"comment_status":"closed","ping_status":"closed","sticky":false,"template":"","format":"standard","meta":{"footnotes":""},"categories":[6,5],"tags":[7,57,288,165],"class_list":["post-8006","post","type-post","status-publish","format-standard","has-post-thumbnail","hentry","category-noticias","category-rede-publica","tag-enfermagem","tag-escs","tag-festa-junina","tag-sus"],"_links":{"self":[{"href":"https:\/\/sindenfermeiro.com.br\/index.php\/wp-json\/wp\/v2\/posts\/8006","targetHints":{"allow":["GET"]}}],"collection":[{"href":"https:\/\/sindenfermeiro.com.br\/index.php\/wp-json\/wp\/v2\/posts"}],"about":[{"href":"https:\/\/sindenfermeiro.com.br\/index.php\/wp-json\/wp\/v2\/types\/post"}],"author":[{"embeddable":true,"href":"https:\/\/sindenfermeiro.com.br\/index.php\/wp-json\/wp\/v2\/users\/6"}],"replies":[{"embeddable":true,"href":"https:\/\/sindenfermeiro.com.br\/index.php\/wp-json\/wp\/v2\/comments?post=8006"}],"version-history":[{"count":1,"href":"https:\/\/sindenfermeiro.com.br\/index.php\/wp-json\/wp\/v2\/posts\/8006\/revisions"}],"predecessor-version":[{"id":29442,"href":"https:\/\/sindenfermeiro.com.br\/index.php\/wp-json\/wp\/v2\/posts\/8006\/revisions\/29442"}],"wp:featuredmedia":[{"embeddable":true,"href":"https:\/\/sindenfermeiro.com.br\/index.php\/wp-json\/"}],"wp:attachment":[{"href":"https:\/\/sindenfermeiro.com.br\/index.php\/wp-json\/wp\/v2\/media?parent=8006"}],"wp:term":[{"taxonomy":"category","embeddable":true,"href":"https:\/\/sindenfermeiro.com.br\/index.php\/wp-json\/wp\/v2\/categories?post=8006"},{"taxonomy":"post_tag","embeddable":true,"href":"https:\/\/sindenfermeiro.com.br\/index.php\/wp-json\/wp\/v2\/tags?post=8006"}],"curies":[{"name":"wp","href":"https:\/\/api.w.org\/{rel}","templated":true}]}}