{"id":7998,"date":"2019-06-07T20:08:29","date_gmt":"2019-06-07T20:08:29","guid":{"rendered":"http:\/\/www.sindenfermeiro.com.br\/?p=7998"},"modified":"2026-04-26T17:51:41","modified_gmt":"2026-04-26T20:51:41","slug":"sindenfermeiro-marca-presenca-na-10a-conferencia-distrital-de-saude","status":"publish","type":"post","link":"https:\/\/sindenfermeiro.com.br\/index.php\/2019\/06\/07\/sindenfermeiro-marca-presenca-na-10a-conferencia-distrital-de-saude\/","title":{"rendered":"SindEnfermeiro marca presen\u00e7a na 10\u00aa Confer\u00eancia Distrital de Sa\u00fade"},"content":{"rendered":"<style type=\"text\/css\">\n#foogallery-gallery-7880 .fg-image { width: 640px; }<\/style>\n\t\t\t<div class=\"foogallery foogallery-container foogallery-image-viewer foogallery-link-image foogallery-lightbox-none fg-center fg-image-viewer fg-ready fg-light fg-border-thin fg-shadow-outline fg-loading-default fg-loaded-fade-in fg-caption-hover fg-hover-fade fg-hover-zoom\" id=\"foogallery-gallery-7880\" data-foogallery=\"{&quot;item&quot;:{&quot;showCaptionTitle&quot;:true,&quot;showCaptionDescription&quot;:true},&quot;lazy&quot;:true,&quot;template&quot;:{&quot;loop&quot;:true}}\" style=\"--fg-title-line-clamp: 0; --fg-description-line-clamp: 0;\" >\n\t<div class=\"fiv-inner\">\n\t\t<div class=\"fiv-inner-container\">\n\t\t\t\t\t<\/div>\n\t\t<div class=\"fiv-ctrls\">\n\t\t\t<button type=\"button\" class=\"fiv-prev\" title=\"Prev\"><span>Prev<\/span><\/button>\n\t\t\t<label class=\"fiv-count\"><span class=\"fiv-count-current\">1<\/span>of<span class=\"fiv-count-total\">95<\/span><\/label>\n\t\t\t<button type=\"button\" class=\"fiv-next\" title=\"Next\"><span>Next<\/span><\/button>\n\t\t<\/div>\n\t<\/div>\n<\/div>\n<p style=\"text-align: justify\">Representando o Sindicato dos Enfermeiros do Distrito Federal (SindEnfermeiro-DF), o diretor executivo M\u00e1rcio da Mata, participou da 10\u00aa Confer\u00eancia Distrital de Sa\u00fade. O evento aconteceu entre os dias 5 e 7 de junho os rumos da sa\u00fade p\u00fablica do DF, a partir de propostas elaboradas nas confer\u00eancias regionais de Sa\u00fade, realizadas durante o m\u00eas de abril, com a finalidade de melhorar o Sistema \u00danico de Sa\u00fade (SUS).<\/p>\n<p style=\"text-align: justify\">Durante os dias de evento, os participantes ouviram palestras sobre sa\u00fade como direito, consolida\u00e7\u00e3o dos princ\u00edpios do SUS e financiamento adequado e suficiente para a sa\u00fade p\u00fablica. Al\u00e9m disso, foram formados grupos de trabalho para elaborar proposta que ser\u00e3o apresentadas na Confer\u00eancia Nacional de Sa\u00fade (CNS) e houve tamb\u00e9m a escolha dos delegados que ir\u00e3o participar da 16\u00aa CNS, que acontecer\u00e1 em agosto.<\/p>\n<p style=\"text-align: justify\">\u201cO SindEnfermeiro tem uma cadeira de conselheiro distrital de sa\u00fade, representado por mim neste momento, e n\u00f3s representamos o seguimento dos trabalhadores nessa conferencia. A inten\u00e7\u00e3o \u00e9 trazer toda a t\u00f4nica da sa\u00fade, todo o assunto que envolvem as dificuldades e os desafios atuais da sa\u00fade, para um ambiente amplo de discuss\u00e3o que comp\u00f5e os gestores, os trabalhadores e os usu\u00e1rios do sistema de sa\u00fade\u201d, afirmou M\u00e1rcio da Mata.<\/p>\n<p style=\"text-align: justify\">De acordo com ele, a finalidade do evento \u00e9 debater e propor a\u00e7\u00f5es que possam se tornar pol\u00edticas p\u00fablicas de sa\u00fade. \u201cA partir daqui n\u00f3s vamos construir um relat\u00f3rio final, que ser\u00e1 encaminhado para a Confer\u00eancia Nacional por interm\u00e9dio dos delegados que foram eleitos. A inten\u00e7\u00e3o que eles \u2013 os delegados \u2013 apresentem as a\u00e7\u00f5es na CNS e que sejam articuladas com pol\u00edticas p\u00fablicas de sa\u00fade a n\u00edvel nacional\u201d, completou.<\/p>\n<p style=\"text-align: justify\">A 16\u00aa Confer\u00eancia Nacional de Sa\u00fade acontecer\u00e1 em Bras\u00edlia dos dias 4 a 7 de agosto. O tema desse ano ser\u00e1 \u201cDemocracia e Sa\u00fade: Sa\u00fade como Direito e Consolida\u00e7\u00e3o e Financiamento do SUS\u201d. O evento contar\u00e1 com os conselhos regionais de sa\u00fade e debater\u00e1 a\u00e7\u00f5es que possam se tornar pol\u00edticas p\u00fablicas de sa\u00fade.<\/p>\n","protected":false},"excerpt":{"rendered":"<p>Representando o Sindicato dos Enfermeiros do Distrito Federal (SindEnfermeiro-DF), o diretor executivo M\u00e1rcio da Mata, participou da 10\u00aa Confer\u00eancia Distrital de Sa\u00fade. O evento aconteceu entre os dias 5 e 7 de junho os rumos da sa\u00fade p\u00fablica do DF, a partir de propostas elaboradas nas confer\u00eancias regionais de Sa\u00fade, realizadas durante o m\u00eas de [&hellip;]<\/p>\n","protected":false},"author":6,"featured_media":7996,"comment_status":"closed","ping_status":"closed","sticky":false,"template":"","format":"standard","meta":{"footnotes":""},"categories":[6,13,5],"tags":[286,7,99,287,21],"class_list":["post-7998","post","type-post","status-publish","format-standard","has-post-thumbnail","hentry","category-noticias","category-rede-privada","category-rede-publica","tag-conferencia-distrital-de-saude","tag-enfermagem","tag-enfermagem-df","tag-enfermagen-df","tag-sindenfermeiro"],"_links":{"self":[{"href":"https:\/\/sindenfermeiro.com.br\/index.php\/wp-json\/wp\/v2\/posts\/7998","targetHints":{"allow":["GET"]}}],"collection":[{"href":"https:\/\/sindenfermeiro.com.br\/index.php\/wp-json\/wp\/v2\/posts"}],"about":[{"href":"https:\/\/sindenfermeiro.com.br\/index.php\/wp-json\/wp\/v2\/types\/post"}],"author":[{"embeddable":true,"href":"https:\/\/sindenfermeiro.com.br\/index.php\/wp-json\/wp\/v2\/users\/6"}],"replies":[{"embeddable":true,"href":"https:\/\/sindenfermeiro.com.br\/index.php\/wp-json\/wp\/v2\/comments?post=7998"}],"version-history":[{"count":1,"href":"https:\/\/sindenfermeiro.com.br\/index.php\/wp-json\/wp\/v2\/posts\/7998\/revisions"}],"predecessor-version":[{"id":37375,"href":"https:\/\/sindenfermeiro.com.br\/index.php\/wp-json\/wp\/v2\/posts\/7998\/revisions\/37375"}],"wp:featuredmedia":[{"embeddable":true,"href":"https:\/\/sindenfermeiro.com.br\/index.php\/wp-json\/"}],"wp:attachment":[{"href":"https:\/\/sindenfermeiro.com.br\/index.php\/wp-json\/wp\/v2\/media?parent=7998"}],"wp:term":[{"taxonomy":"category","embeddable":true,"href":"https:\/\/sindenfermeiro.com.br\/index.php\/wp-json\/wp\/v2\/categories?post=7998"},{"taxonomy":"post_tag","embeddable":true,"href":"https:\/\/sindenfermeiro.com.br\/index.php\/wp-json\/wp\/v2\/tags?post=7998"}],"curies":[{"name":"wp","href":"https:\/\/api.w.org\/{rel}","templated":true}]}}