{"id":795,"date":"2017-01-19T15:55:09","date_gmt":"2017-01-19T15:55:09","guid":{"rendered":"http:\/\/www.sindenfermeiro.com.br\/?p=795"},"modified":"2026-04-29T08:18:55","modified_gmt":"2026-04-29T11:18:55","slug":"funcionarios-do-sindenfermeiro-participam-de-curso-de-capacitacao","status":"publish","type":"post","link":"https:\/\/sindenfermeiro.com.br\/index.php\/2017\/01\/19\/funcionarios-do-sindenfermeiro-participam-de-curso-de-capacitacao\/","title":{"rendered":"Funcion\u00e1rios do SindEnfermeiro participam de curso de capacita\u00e7\u00e3o"},"content":{"rendered":"<p style=\"text-align: justify\"><em><strong>N\u00e3o haver\u00e1 atendimento na sede do sindicato, no per\u00edodo em que o curso for realizado<\/strong><\/em><\/p>\n<p style=\"text-align: justify\">Nos pr\u00f3ximos dias 24,25 e 26 (ter\u00e7a, quarta e quinta-feira), os funcion\u00e1rios do Sindicato dos Enfermeiros do DF participam de curso de capacita\u00e7\u00e3o, promovido pela Confedera\u00e7\u00e3o Nacional das Profiss\u00f5es Liberais (CNPL). Por este motivo, n\u00e3o haver\u00e1 atendimento na sede do sindicato neste per\u00edodo.<br \/>\nO curso \u201cAssist\u00eancia e Homologa\u00e7\u00e3o de rescis\u00f5es de Contrato de Trabalho\u201d tem a finalidade de nos orientar a respeito do tema, j\u00e1 tendo como par\u00e2metro as novas regras<span class=\"text_exposed_show\">.<br \/>\nCom isso, os funcion\u00e1rios do SindEnfermeiro estar\u00e3o atualizados a cerca dos procedimentos adequados e, assim, continuar\u00e3o a proporcionar o melhor atendimento poss\u00edvel aos enfermeiros sindicalizados.<\/span><\/p>\n<div class=\"text_exposed_show\">\n<p style=\"text-align: justify\">Agradecemos a compreens\u00e3o de todos.<\/p>\n<p style=\"text-align: justify\">Juntos Somos Mais Fortes<\/p>\n<p style=\"text-align: justify\"><img loading=\"lazy\" decoding=\"async\" class=\"alignnone size-full wp-image-796\" src=\"http:\/\/www.sindenfermeiro.com.br\/wp-content\/uploads\/2017\/01\/SINDICATO-5.png\" alt=\"SINDICATO (5)\" width=\"800\" height=\"800\" \/><\/p>\n<\/div>\n","protected":false},"excerpt":{"rendered":"<p>N\u00e3o haver\u00e1 atendimento na sede do sindicato, no per\u00edodo em que o curso for realizado Nos pr\u00f3ximos dias 24,25 e 26 (ter\u00e7a, quarta e quinta-feira), os funcion\u00e1rios do Sindicato dos Enfermeiros do DF participam de curso de capacita\u00e7\u00e3o, promovido pela Confedera\u00e7\u00e3o Nacional das Profiss\u00f5es Liberais (CNPL). Por este motivo, n\u00e3o haver\u00e1 atendimento na sede do [&hellip;]<\/p>\n","protected":false},"author":6,"featured_media":796,"comment_status":"closed","ping_status":"closed","sticky":false,"template":"","format":"standard","meta":{"footnotes":""},"categories":[6,2],"tags":[],"class_list":["post-795","post","type-post","status-publish","format-standard","has-post-thumbnail","hentry","category-noticias","category-teste"],"_links":{"self":[{"href":"https:\/\/sindenfermeiro.com.br\/index.php\/wp-json\/wp\/v2\/posts\/795","targetHints":{"allow":["GET"]}}],"collection":[{"href":"https:\/\/sindenfermeiro.com.br\/index.php\/wp-json\/wp\/v2\/posts"}],"about":[{"href":"https:\/\/sindenfermeiro.com.br\/index.php\/wp-json\/wp\/v2\/types\/post"}],"author":[{"embeddable":true,"href":"https:\/\/sindenfermeiro.com.br\/index.php\/wp-json\/wp\/v2\/users\/6"}],"replies":[{"embeddable":true,"href":"https:\/\/sindenfermeiro.com.br\/index.php\/wp-json\/wp\/v2\/comments?post=795"}],"version-history":[{"count":1,"href":"https:\/\/sindenfermeiro.com.br\/index.php\/wp-json\/wp\/v2\/posts\/795\/revisions"}],"predecessor-version":[{"id":33012,"href":"https:\/\/sindenfermeiro.com.br\/index.php\/wp-json\/wp\/v2\/posts\/795\/revisions\/33012"}],"wp:featuredmedia":[{"embeddable":true,"href":"https:\/\/sindenfermeiro.com.br\/index.php\/wp-json\/"}],"wp:attachment":[{"href":"https:\/\/sindenfermeiro.com.br\/index.php\/wp-json\/wp\/v2\/media?parent=795"}],"wp:term":[{"taxonomy":"category","embeddable":true,"href":"https:\/\/sindenfermeiro.com.br\/index.php\/wp-json\/wp\/v2\/categories?post=795"},{"taxonomy":"post_tag","embeddable":true,"href":"https:\/\/sindenfermeiro.com.br\/index.php\/wp-json\/wp\/v2\/tags?post=795"}],"curies":[{"name":"wp","href":"https:\/\/api.w.org\/{rel}","templated":true}]}}