{"id":7867,"date":"2019-06-04T16:40:39","date_gmt":"2019-06-04T16:40:39","guid":{"rendered":"http:\/\/www.sindenfermeiro.com.br\/?p=7867"},"modified":"2026-04-26T20:45:16","modified_gmt":"2026-04-26T23:45:16","slug":"sindenfermeiro-realiza-assembleia-geral-com-enfermeiros-do-ihbdf","status":"publish","type":"post","link":"https:\/\/sindenfermeiro.com.br\/index.php\/2019\/06\/04\/sindenfermeiro-realiza-assembleia-geral-com-enfermeiros-do-ihbdf\/","title":{"rendered":"SindEnfermeiro realiza Assembleia Geral com enfermeiros do IHBDF"},"content":{"rendered":"<style type=\"text\/css\">\n#foogallery-gallery-7850 .fg-image { width: 640px; }<\/style>\n\t\t\t<div class=\"foogallery foogallery-container foogallery-image-viewer foogallery-link-image foogallery-lightbox-none fg-center fg-image-viewer fg-ready fg-light fg-border-thin fg-shadow-outline fg-loading-default fg-loaded-fade-in fg-caption-hover fg-hover-fade fg-hover-zoom\" id=\"foogallery-gallery-7850\" data-foogallery=\"{&quot;item&quot;:{&quot;showCaptionTitle&quot;:true,&quot;showCaptionDescription&quot;:true},&quot;lazy&quot;:true,&quot;template&quot;:{&quot;loop&quot;:true}}\" style=\"--fg-title-line-clamp: 0; --fg-description-line-clamp: 0;\" >\n\t<div class=\"fiv-inner\">\n\t\t<div class=\"fiv-inner-container\">\n\t\t\t\t\t<\/div>\n\t\t<div class=\"fiv-ctrls\">\n\t\t\t<button type=\"button\" class=\"fiv-prev\" title=\"Prev\"><span>Prev<\/span><\/button>\n\t\t\t<label class=\"fiv-count\"><span class=\"fiv-count-current\">1<\/span>of<span class=\"fiv-count-total\">12<\/span><\/label>\n\t\t\t<button type=\"button\" class=\"fiv-next\" title=\"Next\"><span>Next<\/span><\/button>\n\t\t<\/div>\n\t<\/div>\n<\/div>\n<p>Na manh\u00e3 desta segunda (03), o Sindicato dos Enfermeiros do Distrito Federal (SindEnfermeiro-DF) realizou uma Assembleia Geral com os enfermeiros do Instituto Hospital de Base (IHBDF), para discutir sobre a elabora\u00e7\u00e3o do acordo coletivo de trabalho \u2013 e trazer as reivindica\u00e7\u00f5es dos profissionais, que ser\u00e3o apresentadas \u00e0 diretoria do IHBDF.<\/p>\n<p>Na reuni\u00e3o, foram tratados pontos considerados cr\u00edticos, como o dimensionamento de pessoal, as trocas de plant\u00e3o e os aux\u00edlios, como sa\u00fade e alimenta\u00e7\u00e3o. Outras pautas como o banco de horas, repouso dos profissionais, reajuste salarial e o adicional de insalubridade tamb\u00e9m foram abordados.<\/p>\n<p>O esbo\u00e7o do acordo realizado durante o encontro ser\u00e1 entregue \u00e0 diretoria do IHBDF, para que os pontos sejam analisados e, posteriormente, ser\u00e1 marcada uma nova Assembleia \u2013 com data a definir \u2013 para finaliza\u00e7\u00e3o e aprova\u00e7\u00e3o do acordo coletivo.<\/p>\n","protected":false},"excerpt":{"rendered":"<p>Na manh\u00e3 desta segunda (03), o Sindicato dos Enfermeiros do Distrito Federal (SindEnfermeiro-DF) realizou uma Assembleia Geral com os enfermeiros do Instituto Hospital de Base (IHBDF), para discutir sobre a elabora\u00e7\u00e3o do acordo coletivo de trabalho \u2013 e trazer as reivindica\u00e7\u00f5es dos profissionais, que ser\u00e3o apresentadas \u00e0 diretoria do IHBDF. Na reuni\u00e3o, foram tratados pontos [&hellip;]<\/p>\n","protected":false},"author":6,"featured_media":7862,"comment_status":"closed","ping_status":"closed","sticky":false,"template":"","format":"standard","meta":{"footnotes":""},"categories":[6,5],"tags":[285,30,54,58,44,22],"class_list":["post-7867","post","type-post","status-publish","format-standard","has-post-thumbnail","hentry","category-noticias","category-rede-publica","tag-acordo-coletivo","tag-assembleia-geral","tag-enfermeiros","tag-ihbdf","tag-sindenfermeiro-df","tag-sindicato-dos-enfermeiros"],"_links":{"self":[{"href":"https:\/\/sindenfermeiro.com.br\/index.php\/wp-json\/wp\/v2\/posts\/7867","targetHints":{"allow":["GET"]}}],"collection":[{"href":"https:\/\/sindenfermeiro.com.br\/index.php\/wp-json\/wp\/v2\/posts"}],"about":[{"href":"https:\/\/sindenfermeiro.com.br\/index.php\/wp-json\/wp\/v2\/types\/post"}],"author":[{"embeddable":true,"href":"https:\/\/sindenfermeiro.com.br\/index.php\/wp-json\/wp\/v2\/users\/6"}],"replies":[{"embeddable":true,"href":"https:\/\/sindenfermeiro.com.br\/index.php\/wp-json\/wp\/v2\/comments?post=7867"}],"version-history":[{"count":1,"href":"https:\/\/sindenfermeiro.com.br\/index.php\/wp-json\/wp\/v2\/posts\/7867\/revisions"}],"predecessor-version":[{"id":25529,"href":"https:\/\/sindenfermeiro.com.br\/index.php\/wp-json\/wp\/v2\/posts\/7867\/revisions\/25529"}],"wp:featuredmedia":[{"embeddable":true,"href":"https:\/\/sindenfermeiro.com.br\/index.php\/wp-json\/"}],"wp:attachment":[{"href":"https:\/\/sindenfermeiro.com.br\/index.php\/wp-json\/wp\/v2\/media?parent=7867"}],"wp:term":[{"taxonomy":"category","embeddable":true,"href":"https:\/\/sindenfermeiro.com.br\/index.php\/wp-json\/wp\/v2\/categories?post=7867"},{"taxonomy":"post_tag","embeddable":true,"href":"https:\/\/sindenfermeiro.com.br\/index.php\/wp-json\/wp\/v2\/tags?post=7867"}],"curies":[{"name":"wp","href":"https:\/\/api.w.org\/{rel}","templated":true}]}}