{"id":7752,"date":"2019-05-30T19:46:44","date_gmt":"2019-05-30T19:46:44","guid":{"rendered":"http:\/\/www.sindenfermeiro.com.br\/?p=7752"},"modified":"2026-04-26T17:52:13","modified_gmt":"2026-04-26T20:52:13","slug":"sindenfermeiro-participa-de-evento-sobre-enfermagem-no-tst","status":"publish","type":"post","link":"https:\/\/sindenfermeiro.com.br\/index.php\/2019\/05\/30\/sindenfermeiro-participa-de-evento-sobre-enfermagem-no-tst\/","title":{"rendered":"SindEnfermeiro participa de evento sobre enfermagem no TST"},"content":{"rendered":"<style type=\"text\/css\">\n#foogallery-gallery-7754 .fg-image { width: 640px; }<\/style>\n\t\t\t<div class=\"foogallery foogallery-container foogallery-image-viewer foogallery-link-image foogallery-lightbox-none fg-center fg-image-viewer fg-ready fg-light fg-border-thin fg-shadow-outline fg-loading-default fg-loaded-fade-in fg-caption-hover fg-hover-fade fg-hover-zoom\" id=\"foogallery-gallery-7754\" data-foogallery=\"{&quot;item&quot;:{&quot;showCaptionTitle&quot;:true,&quot;showCaptionDescription&quot;:true},&quot;lazy&quot;:true,&quot;template&quot;:{&quot;loop&quot;:true}}\" style=\"--fg-title-line-clamp: 0; --fg-description-line-clamp: 0;\" >\n\t<div class=\"fiv-inner\">\n\t\t<div class=\"fiv-inner-container\">\n\t\t\t\t\t<\/div>\n\t\t<div class=\"fiv-ctrls\">\n\t\t\t<button type=\"button\" class=\"fiv-prev\" title=\"Prev\"><span>Prev<\/span><\/button>\n\t\t\t<label class=\"fiv-count\"><span class=\"fiv-count-current\">1<\/span>of<span class=\"fiv-count-total\">24<\/span><\/label>\n\t\t\t<button type=\"button\" class=\"fiv-next\" title=\"Next\"><span>Next<\/span><\/button>\n\t\t<\/div>\n\t<\/div>\n<\/div>\n<p style=\"text-align: justify\">A presidente do SindEnfermeiro, Dayse Amar\u00edlio, participou na manh\u00e3 da \u00faltima quarta (29),\u00a0 do IV Encontro de Enfermagem do Poder Judici\u00e1rio e Minist\u00e9rio P\u00fablico, no Tribunal Superior do Trabalho (TST). O evento contou com a presen\u00e7a do Ministro Presidente do TST, Jo\u00e3o Batista Brito Pereira, da secret\u00e1ria de sa\u00fade do TST, Esterlina Ara\u00fajo e representantes do Conselho Federal de Enfermagem (COFEN), da Associa\u00e7\u00e3o Brasileira de Enfermagem (ABEn) e com participantes de todo o Brasil. \u00a0O tema central do encontro foi os desafios da enfermagem na promo\u00e7\u00e3o da sa\u00fade diante as atuais perspectivas trabalhistas.<\/p>\n<p style=\"text-align: justify\">Al\u00e9m de participar da mesa de abertura, Dayse Amar\u00edlio esteve \u00e0 frente da mesa redonda sobre \u201cTerceiriza\u00e7\u00e3o dos Servi\u00e7os de Enfermagem nos \u00d3rg\u00e3os P\u00fablicos\u201d. Durante sua fala, a presidente apresentou o panorama nacional e distrital da terceiriza\u00e7\u00e3o da enfermagem, os resultados que a reforma trabalhista \u2013 aprovada no Governo Temer, para a classe e a experi\u00eancia catastr\u00f3fica da implanta\u00e7\u00e3o das Organiza\u00e7\u00f5es de Sa\u00fade (OSs) no Distrito Federal, eu nas palavras de Dayse \u201cforam verdadeiros cavalos de Tr\u00f3ia\u201d.<\/p>\n<p style=\"text-align: justify\">Para Dayse, o evento foi uma experi\u00eancia muito boa e a programa\u00e7\u00e3o muito pertinente, uma vez que os participantes puderam falar sobre a experi\u00eancia das terceiriza\u00e7\u00f5es em seus estados. \u201c\u00c9 triste ter escutado como as terceiriza\u00e7\u00f5es, a n\u00e3o valoriza\u00e7\u00e3o da categoria e n\u00e3o obedi\u00eancia a nossas legisla\u00e7\u00f5es de classe, como fato de servi\u00e7os de enfermagem funcionarem sem a presen\u00e7a de um enfermeiro respons\u00e1vel tamb\u00e9m acontecem dentro do judici\u00e1rio\u201d, comentou.<\/p>\n<p style=\"text-align: justify\">\u201c\u00c9 extremamente urgente a uni\u00e3o das entidades representativas, ocupa\u00e7\u00e3o de espa\u00e7os de decis\u00e3o e crescer em conhecimento como categoria\u201d, finalizou.<\/p>\n","protected":false},"excerpt":{"rendered":"<p>A presidente do SindEnfermeiro, Dayse Amar\u00edlio, participou na manh\u00e3 da \u00faltima quarta (29),\u00a0 do IV Encontro de Enfermagem do Poder Judici\u00e1rio e Minist\u00e9rio P\u00fablico, no Tribunal Superior do Trabalho (TST). O evento contou com a presen\u00e7a do Ministro Presidente do TST, Jo\u00e3o Batista Brito Pereira, da secret\u00e1ria de sa\u00fade do TST, Esterlina Ara\u00fajo e representantes [&hellip;]<\/p>\n","protected":false},"author":6,"featured_media":7761,"comment_status":"closed","ping_status":"closed","sticky":false,"template":"","format":"standard","meta":{"footnotes":""},"categories":[6,13,5],"tags":[99,21,44,271,272],"class_list":["post-7752","post","type-post","status-publish","format-standard","has-post-thumbnail","hentry","category-noticias","category-rede-privada","category-rede-publica","tag-enfermagem-df","tag-sindenfermeiro","tag-sindenfermeiro-df","tag-terceirizacao","tag-tst"],"_links":{"self":[{"href":"https:\/\/sindenfermeiro.com.br\/index.php\/wp-json\/wp\/v2\/posts\/7752","targetHints":{"allow":["GET"]}}],"collection":[{"href":"https:\/\/sindenfermeiro.com.br\/index.php\/wp-json\/wp\/v2\/posts"}],"about":[{"href":"https:\/\/sindenfermeiro.com.br\/index.php\/wp-json\/wp\/v2\/types\/post"}],"author":[{"embeddable":true,"href":"https:\/\/sindenfermeiro.com.br\/index.php\/wp-json\/wp\/v2\/users\/6"}],"replies":[{"embeddable":true,"href":"https:\/\/sindenfermeiro.com.br\/index.php\/wp-json\/wp\/v2\/comments?post=7752"}],"version-history":[{"count":1,"href":"https:\/\/sindenfermeiro.com.br\/index.php\/wp-json\/wp\/v2\/posts\/7752\/revisions"}],"predecessor-version":[{"id":36829,"href":"https:\/\/sindenfermeiro.com.br\/index.php\/wp-json\/wp\/v2\/posts\/7752\/revisions\/36829"}],"wp:featuredmedia":[{"embeddable":true,"href":"https:\/\/sindenfermeiro.com.br\/index.php\/wp-json\/"}],"wp:attachment":[{"href":"https:\/\/sindenfermeiro.com.br\/index.php\/wp-json\/wp\/v2\/media?parent=7752"}],"wp:term":[{"taxonomy":"category","embeddable":true,"href":"https:\/\/sindenfermeiro.com.br\/index.php\/wp-json\/wp\/v2\/categories?post=7752"},{"taxonomy":"post_tag","embeddable":true,"href":"https:\/\/sindenfermeiro.com.br\/index.php\/wp-json\/wp\/v2\/tags?post=7752"}],"curies":[{"name":"wp","href":"https:\/\/api.w.org\/{rel}","templated":true}]}}