{"id":7716,"date":"2019-05-29T17:17:20","date_gmt":"2019-05-29T17:17:20","guid":{"rendered":"http:\/\/www.sindenfermeiro.com.br\/?p=7716"},"modified":"2026-04-26T20:45:39","modified_gmt":"2026-04-26T23:45:39","slug":"modificacao-em-portaria-devolve-atribuicoes-de-supervisao-a-enfermeiros","status":"publish","type":"post","link":"https:\/\/sindenfermeiro.com.br\/index.php\/2019\/05\/29\/modificacao-em-portaria-devolve-atribuicoes-de-supervisao-a-enfermeiros\/","title":{"rendered":"Modifica\u00e7\u00e3o em portaria devolve atribui\u00e7\u00f5es de supervis\u00e3o a enfermeiros"},"content":{"rendered":"<p style=\"text-align: justify\">Ap\u00f3s reuni\u00e3o da Frente \u00danica da Enfermagem (FUEnf), deputado Jorge Vianna e representantes da Secretaria de Sa\u00fade do Distrito Federal (SES-DF) no dia 21 de maio, a Portaria 280\/2019 que retirava a autonomia de servidores que ocupam as fun\u00e7\u00f5es de assessor, supervisor de servi\u00e7os, supervisor de emerg\u00eancia, supervisor de enfermagem e supervisor de unidade os cargos de chefia, foi reeditada e o trecho que se referia aos supervisores de enfermagem, exclu\u00eddo, permitindo assim, que os supervisores de enfermagem permane\u00e7am com a fun\u00e7\u00e3o de supervis\u00e3o e execu\u00e7\u00e3o das escalas de toda equipe de enfermagem.<\/p>\n<p style=\"text-align: justify\">Al\u00e9m da modifica\u00e7\u00e3o na portaria, feita pela subsecret\u00e1ria de Gest\u00e3o de Pessoas (SUGEPS), Silene Almeida, ser\u00e1 montado um grupo de trabalho que ir\u00e1 discutir o regimento interno da SES, bem como seu organograma, a fim de garantir tanto a atribui\u00e7\u00e3o do papel de gest\u00e3o do enfermeiro, como chefia direta do enfermeiro na APS e UPAs, visto o impacto negativo que a retirada deste cargo causou para a gest\u00e3o dos servi\u00e7os e consequentemente para o atendimento a popula\u00e7\u00e3o.<\/p>\n<p style=\"text-align: justify\">Para a presidente do SindEnfermeiro, Dayse Amar\u00edlio, a retirada da supervis\u00e3o de enfermagem da portaria \u201cfoi uma a\u00e7\u00e3o importante de medi\u00e7\u00e3o de conflitos e uni\u00e3o de for\u00e7as. Mostrou sensibilidade da SES e em especial nas pessoas do Secret\u00e1rio Osnei Okumoto e da subsecret\u00e1ria da SUGEPS, Silene Almeida, em rever a\u00e7\u00f5es em conjunto sempre que necess\u00e1rio para melhor prestarmos um servi\u00e7o\u201d.<\/p>\n<p style=\"text-align: justify\">\u201c\u00c9 privativo do enfermeiro a fun\u00e7\u00e3o de gerenciar servi\u00e7os e pessoal de enfermagem, al\u00e9m disso, o supervisor conhece o servi\u00e7o, conhece o seu grupo de trabalho e consegue adequar \u00e0 escala de maneira \u00e1gil levando em conta o perfil da sua cl\u00ednica, dos seus servidores, o absente\u00edsmo, falta de materiais e a precariedade de recursos humanos que a SES est\u00e1 vivendo\u201d, finaliza Dayse.<\/p>\n","protected":false},"excerpt":{"rendered":"<p>Ap\u00f3s reuni\u00e3o da Frente \u00danica da Enfermagem (FUEnf), deputado Jorge Vianna e representantes da Secretaria de Sa\u00fade do Distrito Federal (SES-DF) no dia 21 de maio, a Portaria 280\/2019 que retirava a autonomia de servidores que ocupam as fun\u00e7\u00f5es de assessor, supervisor de servi\u00e7os, supervisor de emerg\u00eancia, supervisor de enfermagem e supervisor de unidade os [&hellip;]<\/p>\n","protected":false},"author":6,"featured_media":7547,"comment_status":"closed","ping_status":"closed","sticky":false,"template":"","format":"standard","meta":{"footnotes":""},"categories":[6,5],"tags":[7,99,236,81,21],"class_list":["post-7716","post","type-post","status-publish","format-standard","has-post-thumbnail","hentry","category-noticias","category-rede-publica","tag-enfermagem","tag-enfermagem-df","tag-ses","tag-ses-df","tag-sindenfermeiro"],"_links":{"self":[{"href":"https:\/\/sindenfermeiro.com.br\/index.php\/wp-json\/wp\/v2\/posts\/7716","targetHints":{"allow":["GET"]}}],"collection":[{"href":"https:\/\/sindenfermeiro.com.br\/index.php\/wp-json\/wp\/v2\/posts"}],"about":[{"href":"https:\/\/sindenfermeiro.com.br\/index.php\/wp-json\/wp\/v2\/types\/post"}],"author":[{"embeddable":true,"href":"https:\/\/sindenfermeiro.com.br\/index.php\/wp-json\/wp\/v2\/users\/6"}],"replies":[{"embeddable":true,"href":"https:\/\/sindenfermeiro.com.br\/index.php\/wp-json\/wp\/v2\/comments?post=7716"}],"version-history":[{"count":1,"href":"https:\/\/sindenfermeiro.com.br\/index.php\/wp-json\/wp\/v2\/posts\/7716\/revisions"}],"predecessor-version":[{"id":10048,"href":"https:\/\/sindenfermeiro.com.br\/index.php\/wp-json\/wp\/v2\/posts\/7716\/revisions\/10048"}],"wp:featuredmedia":[{"embeddable":true,"href":"https:\/\/sindenfermeiro.com.br\/index.php\/wp-json\/"}],"wp:attachment":[{"href":"https:\/\/sindenfermeiro.com.br\/index.php\/wp-json\/wp\/v2\/media?parent=7716"}],"wp:term":[{"taxonomy":"category","embeddable":true,"href":"https:\/\/sindenfermeiro.com.br\/index.php\/wp-json\/wp\/v2\/categories?post=7716"},{"taxonomy":"post_tag","embeddable":true,"href":"https:\/\/sindenfermeiro.com.br\/index.php\/wp-json\/wp\/v2\/tags?post=7716"}],"curies":[{"name":"wp","href":"https:\/\/api.w.org\/{rel}","templated":true}]}}