{"id":7649,"date":"2019-05-27T19:46:41","date_gmt":"2019-05-27T19:46:41","guid":{"rendered":"http:\/\/www.sindenfermeiro.com.br\/?p=7649"},"modified":"2026-04-26T17:54:32","modified_gmt":"2026-04-26T20:54:32","slug":"os-desafios-da-enfermagem-para-a-pratica-com-equidade-foi-o-tema-central-da-80a-semana-brasileira-da-enfermagem","status":"publish","type":"post","link":"https:\/\/sindenfermeiro.com.br\/index.php\/2019\/05\/27\/os-desafios-da-enfermagem-para-a-pratica-com-equidade-foi-o-tema-central-da-80a-semana-brasileira-da-enfermagem\/","title":{"rendered":"\u201cOs desafios da Enfermagem para a pr\u00e1tica com equidade\u201d foi o tema central da 80\u00aa Semana Brasileira da Enfermagem"},"content":{"rendered":"<style type=\"text\/css\">\n#foogallery-gallery-7709 .fg-image { width: 640px; }<\/style>\n\t\t\t<div class=\"foogallery foogallery-container foogallery-image-viewer foogallery-link-image foogallery-lightbox-none fg-center fg-image-viewer fg-ready fg-light fg-border-thin fg-shadow-outline fg-loading-default fg-loaded-fade-in fg-caption-hover fg-hover-fade fg-hover-zoom\" id=\"foogallery-gallery-7709\" data-foogallery=\"{&quot;item&quot;:{&quot;showCaptionTitle&quot;:true,&quot;showCaptionDescription&quot;:true},&quot;lazy&quot;:true,&quot;template&quot;:{&quot;loop&quot;:true}}\" style=\"--fg-title-line-clamp: 0; --fg-description-line-clamp: 0;\" >\n\t<div class=\"fiv-inner\">\n\t\t<div class=\"fiv-inner-container\">\n\t\t\t\t\t<\/div>\n\t\t<div class=\"fiv-ctrls\">\n\t\t\t<button type=\"button\" class=\"fiv-prev\" title=\"Prev\"><span>Prev<\/span><\/button>\n\t\t\t<label class=\"fiv-count\"><span class=\"fiv-count-current\">1<\/span>of<span class=\"fiv-count-total\">72<\/span><\/label>\n\t\t\t<button type=\"button\" class=\"fiv-next\" title=\"Next\"><span>Next<\/span><\/button>\n\t\t<\/div>\n\t<\/div>\n<\/div>\n<p>Entre os dias 12 e 2o de maio, foi realizada a 80\u00aa Semana Brasileira de Enfermagem, realizada anualmente desde 1940. O evento teve como tem\u00e1tica central \u201cOs desafios da Enfermagem para a pr\u00e1tica com equidade\u201d, e reuniu entidades normativas, educacionais e de classe da enfermagem.No Distrito Federal, foram realizados mais de 30 semin\u00e1rios, f\u00f3runs de discuss\u00e3o e palestras direcionadas aos trabalhadores da enfermagem, estudantes e professores \u2013 al\u00e9m da comunidade usu\u00e1ria do Sistema \u00danico de Sa\u00fade (SUS).<\/p>\n<p>A presidente do SindEnfermeiro, Dayse Amar\u00edlio, ressalta a import\u00e2ncia de abordar o tema, olhando pela perspectiva da enfermagem. Para ela, \u201ca equidade precisa se tornar uma pr\u00e1tica dentro da pr\u00f3pria categoria, de modo que esta premissa deve ser compreendida tanto por parte dos profissionais quanto pelos gestores\u201d.<\/p>\n<p><strong>1\u00ba Semin\u00e1rio sobre Sa\u00fade do Trabalhador<\/strong><\/p>\n<p>{&#8220;item&#8221;:{&#8220;showCaptionTitle&#8221;:true,&#8221;showCaptionDescription&#8221;:true},&#8221;lazy&#8221;:true,&#8221;src&#8221;:&#8221;data-src-fg&#8221;,&#8221;srcset&#8221;:&#8221;data-srcset-fg&#8221;,&#8221;template&#8221;:{&#8220;loop&#8221;:true}}<\/p>\n<p>O evento contou com a presen\u00e7a da presidente do SindEnfermeiro, Dayse Amar\u00edlio, o secret\u00e1rio-geral Jorge Henrique, e os diretores Adriano Lim\u00edrio e Tarc\u00edsio Faria \u2013 al\u00e9m de membros do Conselho Regional de Enfermagem do Distrito Federal (COREN-DF), Minist\u00e9rio P\u00fablico do Trabalho (MPT), a Diretoria de Enfermagem (DIENF) da Secretaria de Sa\u00fade (SES-DF) e o Centro de Refer\u00eancia em Sa\u00fade do Trabalhador (CEREST).<\/p>\n<p>Durante os debates, a presidente reafirmou a import\u00e2ncia de alcan\u00e7ar a igualdade enquanto profissionais, \u201cpois \u00e9 um fator que interfere diretamente no acesso das pessoas \u00e0 assist\u00eancia de sa\u00fade\u201d.<\/p>\n<p>O diretor Adriano Lim\u00edrio aponta a realiza\u00e7\u00e3o do semin\u00e1rio como um importante espa\u00e7o para a articula\u00e7\u00e3o de estrat\u00e9gias para a sa\u00fade do trabalhador. Para ele, a discuss\u00e3o encabe\u00e7ada pelo sindicato \u00e9 de significativa import\u00e2ncia, pois as condi\u00e7\u00f5es oferecidas pela Secretaria de Sa\u00fade para o exerc\u00edcio da enfermagem s\u00e3o insuficientes.<\/p>\n<p>\u201c\u00c9 de suma import\u00e2ncia trazer a discuss\u00e3o sobre as condi\u00e7\u00f5es de trabalho para os profissionais da enfermagem, que est\u00e3o diretamente expostos a ambientes insalubres, falta de materiais necess\u00e1rios \u00e0 realiza\u00e7\u00e3o dos atendimentos, al\u00e9m da press\u00e3o por resultados em curto prazo\u201d, afirma.<\/p>\n<p>Adriano ressalta, ainda, a alta incid\u00eancia de enfermeiros que est\u00e3o adoecendo, devido \u00e0 exaustiva carga de atividades e a aus\u00eancia de pol\u00edticas que valorizem a sa\u00fade dos profissionais. \u201cNossos colegas est\u00e3o padecendo, por conta da depress\u00e3o e outras doen\u00e7as \u2013 alguns chegando ao ponto de atentar contra a pr\u00f3pria vida\u201d, conclui.<\/p>\n<p><strong>Debates e palestras<\/strong><\/p>\n<p>Al\u00e9m da organiza\u00e7\u00e3o do 1\u00ba Semin\u00e1rio sobre Sa\u00fade do Trabalhador, o SindEnfermeiro participou de diversas a\u00e7\u00f5es durante a semana, incluindo f\u00f3runs e semin\u00e1rios em hospitais e universidades. A presidente Dayse Amar\u00edlio participou, nos dias 13 e 14 de maio, das cerim\u00f4nias de abertura nos Hospitais Regionais de Taguatinga (HRT) e da Ceil\u00e2ndia (HRC), respectivamente. Al\u00e9m de participar do in\u00edcio das solenidades, Dayse tamb\u00e9m esteve na mesa de discuss\u00e3o sobre ass\u00e9dio, junto com o departamento jur\u00eddico do sindicato.<\/p>\n<p>Ainda no dia 14, a sede do SindEnfermeiro recebeu uma roda de conversa sobre \u201cOs desafios da enfermagem para a pr\u00e1tica com equidade\u201d. Os diretores S\u00e9rgio Lima e Nayara J\u00e9ssica estiveram presentes no debate, que ainda teve a participa\u00e7\u00e3o da enfermeira e professora, Dr\u00aa F\u00e1tima Sousa.<\/p>\n<p>Em 15 de maio, o diretor Adriano Lim\u00edrio fez parte da mesa de abertura da Semana da Enfermagem do Hospital Regional da Samambaia (HRSAM). Na ocasi\u00e3o, Adriano ressaltou que \u201cequidade \u00e9 muito importante tanto para os pacientes, quanto aos profissionais de sa\u00fade, j\u00e1 que enquanto indiv\u00edduos, todos tamb\u00e9m s\u00e3o pacientes\u201d.<\/p>\n<p>No dia 16 de maio, a Administra\u00e7\u00e3o Central (ADMC) da SES-DF recebeu o semin\u00e1rio para discutir \u201cOs desafios da Enfermagem para a pr\u00e1tica com equidade\u201d. Estiveram presentes a presidente Dayse Amar\u00edlio, e os diretores M\u00e1rcio da Mata e S\u00e9rgio Lima \u2013 al\u00e9m do secret\u00e1rio de sa\u00fade, Osnei Okumoto, o diretor de enfermagem da pasta, Luiz Roriz, e o presidente do COREN-DF, Marcos Wesley.<\/p>\n<p>No mesmo dia, o diretor Tarc\u00edsio Faria participou de um caf\u00e9 da manh\u00e3 com os servidores do GESAP 01, em Santa Maria.\u00a0Durante o encontro, Tarc\u00edsio falou sobre o papel do sindicato na luta e na defesa dos direitos dos enfermeiros, e apontou a import\u00e2ncia da Semana Brasileira de Enfermagem \u2013 e de campanhas como o \u201cNursing Now\u201d para conscientizar o poder p\u00fablico sobre o papel dos profissionais nas pol\u00edticas de sa\u00fade.<\/p>\n<p>O diretor ressalta a necessidade de mudan\u00e7as na estrutura do SUS para que se alcance a democratiza\u00e7\u00e3o da assist\u00eancia. \u201cA Organiza\u00e7\u00e3o Pan-Americana de Sa\u00fade (OPAS) reconhece que, para chegarmos a uma assist\u00eancia universal, devem ser feitas transforma\u00e7\u00f5es que tomem como base a abordagem da Aten\u00e7\u00e3o Prim\u00e1ria (APS).\u201d<\/p>\n<p>Em Brazl\u00e2ndia, a presidente Dayse Amar\u00edlio e o secret\u00e1rio-geral, Jorge Henrique, estiveram presentes na cerim\u00f4nia da 43\u00aa Semana da Enfermagem do Hospital Regional de Brazl\u00e2ndia (HRBZ), realizada em 20 de maio. Dayse fez parte da mesa de abertura do evento, e enfatizou a import\u00e2ncia da enfermagem para a transforma\u00e7\u00e3o da realidade em que est\u00e1 inserida.<\/p>\n<p>{&#8220;item&#8221;:{&#8220;showCaptionTitle&#8221;:true,&#8221;showCaptionDescription&#8221;:true},&#8221;lazy&#8221;:true,&#8221;src&#8221;:&#8221;data-src-fg&#8221;,&#8221;srcset&#8221;:&#8221;data-srcset-fg&#8221;,&#8221;template&#8221;:{&#8220;loop&#8221;:true}}<\/p>\n<p><strong>Participa\u00e7\u00e3o de estudantes<\/strong><\/p>\n<p>As a\u00e7\u00f5es tamb\u00e9m estiveram presentes nas universidades, constituindo uma importante plataforma de debates e integra\u00e7\u00e3o com os estudantes da \u00e1rea.\u00a0O secret\u00e1rio-geral Jorge Henrique participou, em 16 de maio, do semin\u00e1rio realizado pelo Comit\u00ea Estudantil da ABEn, no audit\u00f3rio da sede nacional da entidade.<\/p>\n<p>No dia 17 de maio, a Faculdade de Sa\u00fade (FS) da Universidade de Bras\u00edlia (UnB) recebeu o III F\u00f3rum de Seguran\u00e7a do Paciente \u2013 que contou com a participa\u00e7\u00e3o do diretor do SindEnfermeiro, Suderlan Sabino. O debate teve o objetivo de realizar um aprofundamento das discuss\u00f5es sobre a qualidade do atendimento realizado nas unidades de sa\u00fade.<\/p>\n<p>A cerim\u00f4nia de encerramento da 80\u00aa Semana Brasileira de Enfermagem ocorreu no dia 20 de maio, na Sede Nacional da ABEn. Os diretores Adriano Lim\u00edrio e Jorge Henrique estiveram na solenidade \u2013 al\u00e9m da presidente da se\u00e7\u00e3o regional da ABEn-DF, Rosalina Sudo e o secret\u00e1rio-geral do COREN-DF, Tiago Pessoa.<\/p>\n<p>Na ocasi\u00e3o, foram realizadas bancas de avalia\u00e7\u00e3o de trabalhos acad\u00eamicos, com a entrega de premia\u00e7\u00f5es para os melhor avaliados, e ao final, os alunos do Centro Acad\u00eamico de Enfermagem (CAEnf) da Escola Superior de Ci\u00eancias da Sa\u00fade (ESCS) realizaram uma apresenta\u00e7\u00e3o para encerrar a celebra\u00e7\u00e3o.<\/p>\n<p><strong>#EnfermagemPraMim: campanha conta hist\u00f3rias da profiss\u00e3o atrav\u00e9s do olhar de enfermeiros<\/strong><\/p>\n<p>O SindEnfermeiro realizou em suas redes sociais a campanha #EnfermagemPraMim entre os dias 12 e 17 de maio, trazendo as hist\u00f3rias de enfermeiros do Distrito Federal, suas viv\u00eancias e rotinas. A iniciativa buscou trazer um lado mais humano do profissional, atrav\u00e9s dos relatos de enfermeiros que fazem a diferen\u00e7a na sa\u00fade do DF, seja por conta de sua atua\u00e7\u00e3o, projetos desenvolvidos ou o cuidado diferenciado com os pacientes.<\/p>\n<p>A Semana Brasileira de Enfermagem tem papel fundamental na promo\u00e7\u00e3o e realiza\u00e7\u00e3o de iniciativas e pol\u00edticas em prol da qualidade da assist\u00eancia de enfermagem do Brasil, al\u00e9m de trazer novas perspectivas sobre a atua\u00e7\u00e3o do enfermeiro. Por isso, o Sindicato dos Enfermeiros do Distrito Federal entende a necessidade de encabe\u00e7ar e participar de a\u00e7\u00f5es que valorizam e reconhecem os desafios do profissional de enfermagem.<\/p>\n","protected":false},"excerpt":{"rendered":"<p>Entre os dias 12 e 2o de maio, foi realizada a 80\u00aa Semana Brasileira de Enfermagem, realizada anualmente desde 1940. O evento teve como tem\u00e1tica central \u201cOs desafios da Enfermagem para a pr\u00e1tica com equidade\u201d, e reuniu entidades normativas, educacionais e de classe da enfermagem.No Distrito Federal, foram realizados mais de 30 semin\u00e1rios, f\u00f3runs de [&hellip;]<\/p>\n","protected":false},"author":6,"featured_media":7315,"comment_status":"closed","ping_status":"closed","sticky":false,"template":"","format":"standard","meta":{"footnotes":""},"categories":[6,13,5],"tags":[],"class_list":["post-7649","post","type-post","status-publish","format-standard","has-post-thumbnail","hentry","category-noticias","category-rede-privada","category-rede-publica"],"_links":{"self":[{"href":"https:\/\/sindenfermeiro.com.br\/index.php\/wp-json\/wp\/v2\/posts\/7649","targetHints":{"allow":["GET"]}}],"collection":[{"href":"https:\/\/sindenfermeiro.com.br\/index.php\/wp-json\/wp\/v2\/posts"}],"about":[{"href":"https:\/\/sindenfermeiro.com.br\/index.php\/wp-json\/wp\/v2\/types\/post"}],"author":[{"embeddable":true,"href":"https:\/\/sindenfermeiro.com.br\/index.php\/wp-json\/wp\/v2\/users\/6"}],"replies":[{"embeddable":true,"href":"https:\/\/sindenfermeiro.com.br\/index.php\/wp-json\/wp\/v2\/comments?post=7649"}],"version-history":[{"count":1,"href":"https:\/\/sindenfermeiro.com.br\/index.php\/wp-json\/wp\/v2\/posts\/7649\/revisions"}],"predecessor-version":[{"id":18192,"href":"https:\/\/sindenfermeiro.com.br\/index.php\/wp-json\/wp\/v2\/posts\/7649\/revisions\/18192"}],"wp:featuredmedia":[{"embeddable":true,"href":"https:\/\/sindenfermeiro.com.br\/index.php\/wp-json\/"}],"wp:attachment":[{"href":"https:\/\/sindenfermeiro.com.br\/index.php\/wp-json\/wp\/v2\/media?parent=7649"}],"wp:term":[{"taxonomy":"category","embeddable":true,"href":"https:\/\/sindenfermeiro.com.br\/index.php\/wp-json\/wp\/v2\/categories?post=7649"},{"taxonomy":"post_tag","embeddable":true,"href":"https:\/\/sindenfermeiro.com.br\/index.php\/wp-json\/wp\/v2\/tags?post=7649"}],"curies":[{"name":"wp","href":"https:\/\/api.w.org\/{rel}","templated":true}]}}