{"id":7633,"date":"2019-05-24T17:40:23","date_gmt":"2019-05-24T17:40:23","guid":{"rendered":"http:\/\/www.sindenfermeiro.com.br\/?p=7633"},"modified":"2026-04-26T16:43:19","modified_gmt":"2026-04-26T19:43:19","slug":"fuenf-e-cofen-se-reunem-com-celina-leao-para-tratar-da-enfermagem-distrital-e-nacional","status":"publish","type":"post","link":"https:\/\/sindenfermeiro.com.br\/index.php\/2019\/05\/24\/fuenf-e-cofen-se-reunem-com-celina-leao-para-tratar-da-enfermagem-distrital-e-nacional\/","title":{"rendered":"FUEnf e COFEN se re\u00fanem com Celina Le\u00e3o para tratar da enfermagem distrital e nacional"},"content":{"rendered":"<style type=\"text\/css\">\n#foogallery-gallery-7632 .fg-image { width: 640px; }<\/style>\n\t\t\t<div class=\"foogallery foogallery-container foogallery-image-viewer foogallery-link-image foogallery-lightbox-none fg-center fg-image-viewer fg-ready fg-light fg-border-thin fg-shadow-outline fg-loading-default fg-loaded-fade-in fg-caption-hover fg-hover-fade fg-hover-zoom\" id=\"foogallery-gallery-7632\" data-foogallery=\"{&quot;item&quot;:{&quot;showCaptionTitle&quot;:true,&quot;showCaptionDescription&quot;:true},&quot;lazy&quot;:true,&quot;template&quot;:{&quot;loop&quot;:true}}\" style=\"--fg-title-line-clamp: 0; --fg-description-line-clamp: 0;\" >\n\t<div class=\"fiv-inner\">\n\t\t<div class=\"fiv-inner-container\">\n\t\t\t\t\t<\/div>\n\t\t<div class=\"fiv-ctrls\">\n\t\t\t<button type=\"button\" class=\"fiv-prev\" title=\"Prev\"><span>Prev<\/span><\/button>\n\t\t\t<label class=\"fiv-count\"><span class=\"fiv-count-current\">1<\/span>of<span class=\"fiv-count-total\">13<\/span><\/label>\n\t\t\t<button type=\"button\" class=\"fiv-next\" title=\"Next\"><span>Next<\/span><\/button>\n\t\t<\/div>\n\t<\/div>\n<\/div>\n<p style=\"font-weight: 400\">Os representantes da Frente \u00danica da Enfermagem (FUEnf) e do Conselho Federal de Enfermagem (COFEN) estiveram reunidos na tarde da \u00faltima quinta (23), com a deputada federal Celina Le\u00e3o (PP-DF), para tratar de demandas da enfermagem distrital e nacional. Entre os pontos abordados na reuni\u00e3o est\u00e3o o Projeto de Lei 2295\/2000 \u2013 que trata da jornada de 30 horas demais para os trabalhadores da enfermagem, o PL 459\/2015 que disp\u00f5e sobre o piso salarial nacional para a enfermagem, a Lei do Descanso, os cursos de enfermagem em EAD, e uma pauta important\u00edssima, a emenda que trata da aposentadoria especial para os profissionais de enfermagem \u2013 caso a Reforma da Previd\u00eancia seja provada.<\/p>\n<p style=\"font-weight: 400\">A deputada se comprometeu em fazer uma mobiliza\u00e7\u00e3o com as lideran\u00e7as dos partidos para que seja colocado em pauta o PL das 30 horas da enfermagem. O projeto de lei que tramita em car\u00e1ter de urg\u00eancia h\u00e1 quase 20 anos, mas ainda n\u00e3o foi apreciado do plen\u00e1rio da C\u00e2mara. Entre os outros resultados da reuni\u00e3o com a parlamentar, est\u00e1 \u00e0 realiza\u00e7\u00e3o de uma audi\u00eancia p\u00fablica para debater as gradua\u00e7\u00f5es em enfermagem \u00e0 dist\u00e2ncia e as diretrizes nacionais dos cursos de enfermagem.<\/p>\n<p style=\"font-weight: 400\">Para a presidente do SindEnfermeiro, Dayse Amar\u00edo, a deputada Celina Le\u00e3o sempre foi uma defensora da enfermagem desde o seu mandato na C\u00e2mara Legislativa. \u201cN\u00f3s temos pautas important\u00edssimas paradas na C\u00e2mara dos Deputados, como projetos parados h\u00e1 quase 20 anos. \u00c9 muito importante termos uma parlamentar sensibilizada com essa causa, pois isso n\u00e3o valoriza apenas a categoria, mas pensa na acessibilidade e no impacto \u00e0 assist\u00eancia da popula\u00e7\u00e3o\u201d, afirma.<\/p>\n","protected":false},"excerpt":{"rendered":"<p>Os representantes da Frente \u00danica da Enfermagem (FUEnf) e do Conselho Federal de Enfermagem (COFEN) estiveram reunidos na tarde da \u00faltima quinta (23), com a deputada federal Celina Le\u00e3o (PP-DF), para tratar de demandas da enfermagem distrital e nacional. Entre os pontos abordados na reuni\u00e3o est\u00e3o o Projeto de Lei 2295\/2000 \u2013 que trata da [&hellip;]<\/p>\n","protected":false},"author":6,"featured_media":7628,"comment_status":"closed","ping_status":"closed","sticky":false,"template":"","format":"standard","meta":{"footnotes":""},"categories":[6,13,5],"tags":[228,59,259,260,261,7,54,262,75,43,56],"class_list":["post-7633","post","type-post","status-publish","format-standard","has-post-thumbnail","hentry","category-noticias","category-rede-privada","category-rede-publica","tag-30-horas","tag-brasilia","tag-camara-federal","tag-celina","tag-ead","tag-enfermagem","tag-enfermeiros","tag-lei-do-descanso","tag-projeto","tag-saude","tag-sindicato"],"_links":{"self":[{"href":"https:\/\/sindenfermeiro.com.br\/index.php\/wp-json\/wp\/v2\/posts\/7633","targetHints":{"allow":["GET"]}}],"collection":[{"href":"https:\/\/sindenfermeiro.com.br\/index.php\/wp-json\/wp\/v2\/posts"}],"about":[{"href":"https:\/\/sindenfermeiro.com.br\/index.php\/wp-json\/wp\/v2\/types\/post"}],"author":[{"embeddable":true,"href":"https:\/\/sindenfermeiro.com.br\/index.php\/wp-json\/wp\/v2\/users\/6"}],"replies":[{"embeddable":true,"href":"https:\/\/sindenfermeiro.com.br\/index.php\/wp-json\/wp\/v2\/comments?post=7633"}],"version-history":[{"count":1,"href":"https:\/\/sindenfermeiro.com.br\/index.php\/wp-json\/wp\/v2\/posts\/7633\/revisions"}],"predecessor-version":[{"id":35062,"href":"https:\/\/sindenfermeiro.com.br\/index.php\/wp-json\/wp\/v2\/posts\/7633\/revisions\/35062"}],"wp:featuredmedia":[{"embeddable":true,"href":"https:\/\/sindenfermeiro.com.br\/index.php\/wp-json\/"}],"wp:attachment":[{"href":"https:\/\/sindenfermeiro.com.br\/index.php\/wp-json\/wp\/v2\/media?parent=7633"}],"wp:term":[{"taxonomy":"category","embeddable":true,"href":"https:\/\/sindenfermeiro.com.br\/index.php\/wp-json\/wp\/v2\/categories?post=7633"},{"taxonomy":"post_tag","embeddable":true,"href":"https:\/\/sindenfermeiro.com.br\/index.php\/wp-json\/wp\/v2\/tags?post=7633"}],"curies":[{"name":"wp","href":"https:\/\/api.w.org\/{rel}","templated":true}]}}