{"id":7610,"date":"2019-05-24T16:14:46","date_gmt":"2019-05-24T16:14:46","guid":{"rendered":"http:\/\/www.sindenfermeiro.com.br\/?p=7610"},"modified":"2026-04-26T21:39:39","modified_gmt":"2026-04-27T00:39:39","slug":"justica-mantem-decisao-que-obriga-gdf-a-pagar-gratificacoes-de-preceptoria-defasadas","status":"publish","type":"post","link":"https:\/\/sindenfermeiro.com.br\/index.php\/2019\/05\/24\/justica-mantem-decisao-que-obriga-gdf-a-pagar-gratificacoes-de-preceptoria-defasadas\/","title":{"rendered":"Justi\u00e7a mant\u00e9m decis\u00e3o que obriga GDF a pagar Gratifica\u00e7\u00f5es de Preceptoria defasadas"},"content":{"rendered":"<p><img loading=\"lazy\" decoding=\"async\" class=\" wp-image-7630\" src=\"http:\/\/www.sindenfermeiro.com.br\/wp-content\/uploads\/2019\/05\/group-of-doctors-meeting-at-hospital-office-PWU7PJ7-900x600.jpg\" alt=\"\" width=\"758\" height=\"505\" \/><\/p>\n<p style=\"font-weight: 400\">O Sindicato dos Enfermeiros do Distrito Federal (SindEnfermeiro-DF), atrav\u00e9s de seu departamento jur\u00eddico, recebeu a primeira decis\u00e3o favor\u00e1vel no julgamento dos recursos solicitados pelo Governo do Distrito Federal (GDF) nas a\u00e7\u00f5es relativas \u00e0s Gratifica\u00e7\u00f5es de Preceptoria. O parecer mant\u00e9m a senten\u00e7a proferida em mar\u00e7o \u2013 que obriga o Executivo a realizar o pagamento dos valores atualizados das gratifica\u00e7\u00f5es. No entanto, o GDF ainda poder\u00e1 recorrer da decis\u00e3o.<\/p>\n<p style=\"font-weight: 400\">Desde o final do ano de 2018, o sindicato vem entrando com a\u00e7\u00f5es individuais em nome dos sindicalizados, visando o pagamento da diferen\u00e7a de valores relativos \u00e0 Gratifica\u00e7\u00e3o de Preceptoria, que estava sendo paga de forma defasada pela Secretaria de Sa\u00fade do Distrito Federal (SES-DF) desde o ano de 2014.<\/p>\n<p style=\"font-weight: 400\">Em mar\u00e7o de 2019, foi determinado que o Distrito Federal regularizasse o pagamento da Gratifica\u00e7\u00e3o de Preceptoria dos servidores conforme o ajuste da tabela de vencimentos da Lei n\u00ba 5.249\/2013. As decis\u00f5es ressaltaram, ainda, que as alega\u00e7\u00f5es de d\u00e9ficit or\u00e7ament\u00e1rio feitas pelo Executivo n\u00e3o foram comprovadas durante o andamento dos processos.<\/p>\n<p style=\"font-weight: 400\">O SindEnfermeiro ressalta que todos os enfermeiros que exerceram ou exercem atividades de preceptoria a partir de 2014, e que tenham valores a receber, podem procurar o departamento jur\u00eddico para an\u00e1lise e orienta\u00e7\u00e3o espec\u00edfica sobre o caso. Os sindicalizados beneficiados com as a\u00e7\u00f5es ser\u00e3o comunicados individualmente sobre o andamento das mesmas, e as eventuais resolu\u00e7\u00f5es posteriores.<\/p>\n","protected":false},"excerpt":{"rendered":"<p>O Sindicato dos Enfermeiros do Distrito Federal (SindEnfermeiro-DF), atrav\u00e9s de seu departamento jur\u00eddico, recebeu a primeira decis\u00e3o favor\u00e1vel no julgamento dos recursos solicitados pelo Governo do Distrito Federal (GDF) nas a\u00e7\u00f5es relativas \u00e0s Gratifica\u00e7\u00f5es de Preceptoria. O parecer mant\u00e9m a senten\u00e7a proferida em mar\u00e7o \u2013 que obriga o Executivo a realizar o pagamento dos valores [&hellip;]<\/p>\n","protected":false},"author":6,"featured_media":7630,"comment_status":"closed","ping_status":"closed","sticky":false,"template":"","format":"standard","meta":{"footnotes":""},"categories":[6,5],"tags":[138,61,90,81,21,44],"class_list":["post-7610","post","type-post","status-publish","format-standard","has-post-thumbnail","hentry","category-noticias","category-rede-publica","tag-departamento-juridico","tag-juridico","tag-saude-publica","tag-ses-df","tag-sindenfermeiro","tag-sindenfermeiro-df"],"_links":{"self":[{"href":"https:\/\/sindenfermeiro.com.br\/index.php\/wp-json\/wp\/v2\/posts\/7610","targetHints":{"allow":["GET"]}}],"collection":[{"href":"https:\/\/sindenfermeiro.com.br\/index.php\/wp-json\/wp\/v2\/posts"}],"about":[{"href":"https:\/\/sindenfermeiro.com.br\/index.php\/wp-json\/wp\/v2\/types\/post"}],"author":[{"embeddable":true,"href":"https:\/\/sindenfermeiro.com.br\/index.php\/wp-json\/wp\/v2\/users\/6"}],"replies":[{"embeddable":true,"href":"https:\/\/sindenfermeiro.com.br\/index.php\/wp-json\/wp\/v2\/comments?post=7610"}],"version-history":[{"count":1,"href":"https:\/\/sindenfermeiro.com.br\/index.php\/wp-json\/wp\/v2\/posts\/7610\/revisions"}],"predecessor-version":[{"id":36808,"href":"https:\/\/sindenfermeiro.com.br\/index.php\/wp-json\/wp\/v2\/posts\/7610\/revisions\/36808"}],"wp:featuredmedia":[{"embeddable":true,"href":"https:\/\/sindenfermeiro.com.br\/index.php\/wp-json\/"}],"wp:attachment":[{"href":"https:\/\/sindenfermeiro.com.br\/index.php\/wp-json\/wp\/v2\/media?parent=7610"}],"wp:term":[{"taxonomy":"category","embeddable":true,"href":"https:\/\/sindenfermeiro.com.br\/index.php\/wp-json\/wp\/v2\/categories?post=7610"},{"taxonomy":"post_tag","embeddable":true,"href":"https:\/\/sindenfermeiro.com.br\/index.php\/wp-json\/wp\/v2\/tags?post=7610"}],"curies":[{"name":"wp","href":"https:\/\/api.w.org\/{rel}","templated":true}]}}