{"id":758,"date":"2016-12-21T17:32:37","date_gmt":"2016-12-21T17:32:37","guid":{"rendered":"http:\/\/www.sindenfermeiro.com.br\/?p=758"},"modified":"2026-04-29T08:18:58","modified_gmt":"2026-04-29T11:18:58","slug":"nota-de-esclarecimento-texto-menciona-o-sindenfermeiro-equivocadamente","status":"publish","type":"post","link":"https:\/\/sindenfermeiro.com.br\/index.php\/2016\/12\/21\/nota-de-esclarecimento-texto-menciona-o-sindenfermeiro-equivocadamente\/","title":{"rendered":"Nota de Esclarecimento: Texto menciona o SindEnfermeiro equivocadamente"},"content":{"rendered":"<p style=\"text-align: justify\"><span style=\"font-size: 14pt\">O SindEnfermeiro vem a p\u00fablico esclarecer uma men\u00e7\u00e3o feita a institui\u00e7\u00e3o, equivocadamente, em mat\u00e9ria do portal Radar DF, publicada na \u00faltima ter\u00e7a-feira (20).<\/span><\/p>\n<p style=\"text-align: justify\"><span style=\"font-size: 14pt\">O sindicato elucida uma quest\u00e3o trivial que, para o cidad\u00e3o e trabalhador \u00e9 de direito que seja esclarecida. Mas, para jornalistas, uma quest\u00e3o \u2013 no que se refere aos termos corretos a serem usados &#8211; que deveria ser profissionalmente checada e, consequentemente, n\u00e3o colocada de forma leviana (preocupa\u00e7\u00e3o que deve ser inerente a profiss\u00e3o).<\/span><\/p>\n<p style=\"text-align: justify\"><span style=\"font-size: 14pt\">Queremos acreditar que houve uma confus\u00e3o do respons\u00e1vel pelo texto quando, erroneamente, colocou o Sindate-DF (Sindicato dos Auxiliares e T\u00e9cnicos em Enfermagem do Distrito Federal)\u00a0como \u201cSindicato dos Enfermeiros e T\u00e9cnicos em Enfermagem do Distrito Federal\u201d.<\/span><\/p>\n<p style=\"text-align: justify\"><span style=\"font-size: 14pt\">O texto d\u00e1 a entender que os enfermeiros aderiram a greve mencionada, quando o que houve foi um erro de reda\u00e7\u00e3o e edi\u00e7\u00e3o da mat\u00e9ria, que n\u00e3o separa corretamente as categorias e seus respectivos sindicatos.<\/span><\/p>\n<p style=\"text-align: justify\"><span style=\"font-size: 14pt\">Fica aqui esclarecido ent\u00e3o, que o SindEnfermeiro-DF (Sindicato dos Enfermeiros do Distrito Federal) \u00e9 uma institui\u00e7\u00e3o e o Sindate-DF (Sindicato dos Auxiliares e T\u00e9cnicos em Enfermagem do Distrito Federal) \u00e9 outra. Portanto SindEnfermeiro n\u00e3o participou da greve, como sugere o texto publicado pelo Radar-DF.<\/span><\/p>\n<p style=\"text-align: justify\"><span style=\"font-size: 14pt\">As lutas conjuntas entre sindicatos que representam trabalhadores da sa\u00fade no Distrito Federal existem, no sentido de proporcionar o melhor ao profissional e ao cidad\u00e3o do DF. No entanto, em determinadas situa\u00e7\u00f5es, cada categoria e cada sindicato responde individualmente por suas atividades.<\/span><\/p>\n<p style=\"text-align: justify\"><span style=\"font-size: 14pt\">O SindEnfermeiro est\u00e1 sempre \u00e0 disposi\u00e7\u00e3o da m\u00eddia interessada em contribuir para a melhoria e o esclarecimento das quest\u00f5es referentes \u00e0 sa\u00fade e aos enfermeiros no Distrito Federal.<\/span><\/p>\n<p style=\"text-align: justify\">\n<p style=\"text-align: justify\"><em><strong><span style=\"font-size: 14pt\">Sindicato dos Enfermeiros do Distrito Federal (SindEnfemeiro-DF)<\/span><\/strong><\/em><\/p>\n","protected":false},"excerpt":{"rendered":"<p>O SindEnfermeiro vem a p\u00fablico esclarecer uma men\u00e7\u00e3o feita a institui\u00e7\u00e3o, equivocadamente, em mat\u00e9ria do portal Radar DF, publicada na \u00faltima ter\u00e7a-feira (20). O sindicato elucida uma quest\u00e3o trivial que, para o cidad\u00e3o e trabalhador \u00e9 de direito que seja esclarecida. Mas, para jornalistas, uma quest\u00e3o \u2013 no que se refere aos termos corretos a [&hellip;]<\/p>\n","protected":false},"author":6,"featured_media":0,"comment_status":"closed","ping_status":"closed","sticky":false,"template":"","format":"standard","meta":{"footnotes":""},"categories":[6,2],"tags":[],"class_list":["post-758","post","type-post","status-publish","format-standard","hentry","category-noticias","category-teste"],"_links":{"self":[{"href":"https:\/\/sindenfermeiro.com.br\/index.php\/wp-json\/wp\/v2\/posts\/758","targetHints":{"allow":["GET"]}}],"collection":[{"href":"https:\/\/sindenfermeiro.com.br\/index.php\/wp-json\/wp\/v2\/posts"}],"about":[{"href":"https:\/\/sindenfermeiro.com.br\/index.php\/wp-json\/wp\/v2\/types\/post"}],"author":[{"embeddable":true,"href":"https:\/\/sindenfermeiro.com.br\/index.php\/wp-json\/wp\/v2\/users\/6"}],"replies":[{"embeddable":true,"href":"https:\/\/sindenfermeiro.com.br\/index.php\/wp-json\/wp\/v2\/comments?post=758"}],"version-history":[{"count":1,"href":"https:\/\/sindenfermeiro.com.br\/index.php\/wp-json\/wp\/v2\/posts\/758\/revisions"}],"predecessor-version":[{"id":20258,"href":"https:\/\/sindenfermeiro.com.br\/index.php\/wp-json\/wp\/v2\/posts\/758\/revisions\/20258"}],"wp:attachment":[{"href":"https:\/\/sindenfermeiro.com.br\/index.php\/wp-json\/wp\/v2\/media?parent=758"}],"wp:term":[{"taxonomy":"category","embeddable":true,"href":"https:\/\/sindenfermeiro.com.br\/index.php\/wp-json\/wp\/v2\/categories?post=758"},{"taxonomy":"post_tag","embeddable":true,"href":"https:\/\/sindenfermeiro.com.br\/index.php\/wp-json\/wp\/v2\/tags?post=758"}],"curies":[{"name":"wp","href":"https:\/\/api.w.org\/{rel}","templated":true}]}}