{"id":7557,"date":"2019-05-23T14:40:04","date_gmt":"2019-05-23T14:40:04","guid":{"rendered":"http:\/\/www.sindenfermeiro.com.br\/?p=7557"},"modified":"2026-04-26T21:36:49","modified_gmt":"2026-04-27T00:36:49","slug":"sindenfermeiro-participa-da-semana-de-inovacao-do-hran","status":"publish","type":"post","link":"https:\/\/sindenfermeiro.com.br\/index.php\/2019\/05\/23\/sindenfermeiro-participa-da-semana-de-inovacao-do-hran\/","title":{"rendered":"SindEnfermeiro participa da Semana de Inova\u00e7\u00e3o do HRAN"},"content":{"rendered":"<style type=\"text\/css\">\n#foogallery-gallery-7559 .fg-image { width: 640px; }<\/style>\n\t\t\t<div class=\"foogallery foogallery-container foogallery-image-viewer foogallery-link-image foogallery-lightbox-none fg-center fg-image-viewer fg-ready fg-light fg-border-thin fg-shadow-outline fg-loading-default fg-loaded-fade-in fg-caption-hover fg-hover-fade fg-hover-zoom\" id=\"foogallery-gallery-7559\" data-foogallery=\"{&quot;item&quot;:{&quot;showCaptionTitle&quot;:true,&quot;showCaptionDescription&quot;:true},&quot;lazy&quot;:true,&quot;template&quot;:{&quot;loop&quot;:true}}\" style=\"--fg-title-line-clamp: 0; --fg-description-line-clamp: 0;\" >\n\t<div class=\"fiv-inner\">\n\t\t<div class=\"fiv-inner-container\">\n\t\t\t\t\t<\/div>\n\t\t<div class=\"fiv-ctrls\">\n\t\t\t<button type=\"button\" class=\"fiv-prev\" title=\"Prev\"><span>Prev<\/span><\/button>\n\t\t\t<label class=\"fiv-count\"><span class=\"fiv-count-current\">1<\/span>of<span class=\"fiv-count-total\">39<\/span><\/label>\n\t\t\t<button type=\"button\" class=\"fiv-next\" title=\"Next\"><span>Next<\/span><\/button>\n\t\t<\/div>\n\t<\/div>\n<\/div>\n<p style=\"text-align: justify\">O secret\u00e1rio-geral do SindEnfermeiro, Jorge Henrique e o diretor Adriano Lim\u00edrio, participaram na \u00faltima quarta-feira (22), da Semana da Inova\u00e7\u00e3o no Hospital Regional da Asa Norte (HRAN). O evento que acontecer\u00e1 at\u00e9 o dia 22 de maio e tem como objetivo valorizar os servidores e os avan\u00e7os conquistados por ele.<\/p>\n<p style=\"text-align: justify\">Durante sua fala, Jorge Henrique enfatizou a relev\u00e2ncia da campanha Nurse Now \u2013 desenvolvida pelos Conselhos Federal e Regional de Enfermagem (COFEN e COREN, respectivamente), que trata da valoriza\u00e7\u00e3o dos profissionais de enfermagem e da import\u00e2ncia desses profissionais estarem em espa\u00e7os de decis\u00e3o e de poder.<\/p>\n<p style=\"text-align: justify\">Adriano L\u00edmirio por sua vez, ficou respons\u00e1vel por conversar com os participantes sobre a Reforma da Previd\u00eancia. Adriano apresentou aos servidores do HRAN as consequ\u00eancias da reforma bolsonarista para os trabalhadores do setor p\u00fablico e do setor privado. Al\u00e9m de disso, o diretor fez um panorama geral sobre o projeto e quais ser\u00e3o seus resultados para o futuro do Brasil.<\/p>\n<p style=\"text-align: justify\">O SindEnfermeiro parabeniza todos os trabalhadores da enfermagem HRAN pelos avan\u00e7os conquistados na institui\u00e7\u00e3o, apesar de todas as adversidade que a rede enfrenta. Reiteramos tamb\u00e9m, que estamos sempre lutando e defendendo a categoria contra todo e qualquer tipo de desrespeito \u00e0 classe trabalhadora.<\/p>\n","protected":false},"excerpt":{"rendered":"<p>O secret\u00e1rio-geral do SindEnfermeiro, Jorge Henrique e o diretor Adriano Lim\u00edrio, participaram na \u00faltima quarta-feira (22), da Semana da Inova\u00e7\u00e3o no Hospital Regional da Asa Norte (HRAN). O evento que acontecer\u00e1 at\u00e9 o dia 22 de maio e tem como objetivo valorizar os servidores e os avan\u00e7os conquistados por ele. Durante sua fala, Jorge Henrique [&hellip;]<\/p>\n","protected":false},"author":6,"featured_media":7602,"comment_status":"closed","ping_status":"closed","sticky":false,"template":"","format":"standard","meta":{"footnotes":""},"categories":[6,5],"tags":[7,166,258,21],"class_list":["post-7557","post","type-post","status-publish","format-standard","has-post-thumbnail","hentry","category-noticias","category-rede-publica","tag-enfermagem","tag-enfermagemdf","tag-hran","tag-sindenfermeiro"],"_links":{"self":[{"href":"https:\/\/sindenfermeiro.com.br\/index.php\/wp-json\/wp\/v2\/posts\/7557","targetHints":{"allow":["GET"]}}],"collection":[{"href":"https:\/\/sindenfermeiro.com.br\/index.php\/wp-json\/wp\/v2\/posts"}],"about":[{"href":"https:\/\/sindenfermeiro.com.br\/index.php\/wp-json\/wp\/v2\/types\/post"}],"author":[{"embeddable":true,"href":"https:\/\/sindenfermeiro.com.br\/index.php\/wp-json\/wp\/v2\/users\/6"}],"replies":[{"embeddable":true,"href":"https:\/\/sindenfermeiro.com.br\/index.php\/wp-json\/wp\/v2\/comments?post=7557"}],"version-history":[{"count":1,"href":"https:\/\/sindenfermeiro.com.br\/index.php\/wp-json\/wp\/v2\/posts\/7557\/revisions"}],"predecessor-version":[{"id":29417,"href":"https:\/\/sindenfermeiro.com.br\/index.php\/wp-json\/wp\/v2\/posts\/7557\/revisions\/29417"}],"wp:featuredmedia":[{"embeddable":true,"href":"https:\/\/sindenfermeiro.com.br\/index.php\/wp-json\/"}],"wp:attachment":[{"href":"https:\/\/sindenfermeiro.com.br\/index.php\/wp-json\/wp\/v2\/media?parent=7557"}],"wp:term":[{"taxonomy":"category","embeddable":true,"href":"https:\/\/sindenfermeiro.com.br\/index.php\/wp-json\/wp\/v2\/categories?post=7557"},{"taxonomy":"post_tag","embeddable":true,"href":"https:\/\/sindenfermeiro.com.br\/index.php\/wp-json\/wp\/v2\/tags?post=7557"}],"curies":[{"name":"wp","href":"https:\/\/api.w.org\/{rel}","templated":true}]}}