{"id":7516,"date":"2019-05-22T20:11:54","date_gmt":"2019-05-22T20:11:54","guid":{"rendered":"http:\/\/www.sindenfermeiro.com.br\/?p=7516"},"modified":"2026-04-26T20:17:16","modified_gmt":"2026-04-26T23:17:16","slug":"na-ses-sindenfermeiro-e-fuenf-discutem-portaria-que-limita-funcoes-de-chefias-a-enfermagem","status":"publish","type":"post","link":"https:\/\/sindenfermeiro.com.br\/index.php\/2019\/05\/22\/na-ses-sindenfermeiro-e-fuenf-discutem-portaria-que-limita-funcoes-de-chefias-a-enfermagem\/","title":{"rendered":"Na SES, SindEnfermeiro e FUEnf discutem portaria que limita fun\u00e7\u00f5es de chefias \u00e0 enfermagem"},"content":{"rendered":"<style type=\"text\/css\">\n#foogallery-gallery-7518 .fg-image { width: 640px; }<\/style>\n\t\t\t<div class=\"foogallery foogallery-container foogallery-image-viewer foogallery-link-image foogallery-lightbox-none fg-center fg-image-viewer fg-ready fg-light fg-border-thin fg-shadow-outline fg-loading-default fg-loaded-fade-in fg-caption-hover fg-hover-fade fg-hover-zoom\" id=\"foogallery-gallery-7518\" data-foogallery=\"{&quot;item&quot;:{&quot;showCaptionTitle&quot;:true,&quot;showCaptionDescription&quot;:true},&quot;lazy&quot;:true,&quot;template&quot;:{&quot;loop&quot;:true}}\" style=\"--fg-title-line-clamp: 0; --fg-description-line-clamp: 0;\" >\n\t<div class=\"fiv-inner\">\n\t\t<div class=\"fiv-inner-container\">\n\t\t\t\t\t<\/div>\n\t\t<div class=\"fiv-ctrls\">\n\t\t\t<button type=\"button\" class=\"fiv-prev\" title=\"Prev\"><span>Prev<\/span><\/button>\n\t\t\t<label class=\"fiv-count\"><span class=\"fiv-count-current\">1<\/span>of<span class=\"fiv-count-total\">28<\/span><\/label>\n\t\t\t<button type=\"button\" class=\"fiv-next\" title=\"Next\"><span>Next<\/span><\/button>\n\t\t<\/div>\n\t<\/div>\n<\/div>\n<p style=\"text-align: justify\">A presidente do SindEnfermeiro, Dayse Amar\u00edlio e o diretor executivo, M\u00e1rcio da Mata, estiveram reunidos na manh\u00e3 da \u00faltima ter\u00e7a (21), com os representantes da Frente \u00danica da Enfermagem (FUEnf) e com o secret\u00e1rio de Sa\u00fade, Osnei Okumoto, deputado Jorge Vianna (Podemos) e com gestores da Secretaria de Sa\u00fade, para discutir o impacto administrativo da portaria 280\/2019, que trata entre outras coisas do perfil da chefia de enfermagem.<\/p>\n<p style=\"text-align: justify\">Publicada no Di\u00e1rio Oficial do Distrito Federal em 25 de abril, a portaria retira a autonomia de servidores que ocupam as fun\u00e7\u00f5es de assessor, supervisor de servi\u00e7os, supervisor de emerg\u00eancia, supervisor de enfermagem e supervisor de unidade os cargos de chefia.<\/p>\n<p style=\"text-align: justify\">\u201cEles entenderam o impacto administrativo e na assist\u00eancia ao usu\u00e1rio que essa portaria trouxe, pois tira a autonomia do enfermeiro. Hoje n\u00e3o existe a fun\u00e7\u00e3o de supervisor ou chefe de enfermagem no regimento interno da SES, vamos rever o decreto de 2018 para que seja garantindo dentro do organograma da secretaria a fun\u00e7\u00e3o desse profissional\u201d,<br \/>\nafirmou Dayse ap\u00f3s a reuni\u00e3o.<br \/>\nOutra quest\u00e3o apontada foi a inclus\u00e3o dentro do regimento interno a atribui\u00e7\u00e3o de gest\u00e3o para o profissional enfermeiro e o retorno da CME e do NRAD para o N\u00facleo de Enfermagem.<\/p>\n<p style=\"text-align: justify\">Ao final do encontro ficou acordado que o SindEnfermeiro e as entidades que comp\u00f5e a FUEnf junto com os representantes da SES-DF far\u00e3o um grupo de trabalho que ir\u00e1 discutir o decreto 39.546\/2018. Al\u00e9m disso, foi combinado tamb\u00e9m que ser\u00e1 retirada da portaria o termo que restringe os profissionais de enfermagem os cargos de chefia e a revis\u00e3o do organograma da secretaria.<\/p>\n<p>&nbsp;<\/p>\n<p><a href=\"http:\/\/www.sindenfermeiro.com.br\/wp-content\/uploads\/2019\/05\/PAUTA-FUENF-reuni\u00e3o-ses-.pdf\">Confira aqui o documento entregue ao secret\u00e1rio durante a reuni\u00e3o.\u00a0<\/a><\/p>\n","protected":false},"excerpt":{"rendered":"<p>A presidente do SindEnfermeiro, Dayse Amar\u00edlio e o diretor executivo, M\u00e1rcio da Mata, estiveram reunidos na manh\u00e3 da \u00faltima ter\u00e7a (21), com os representantes da Frente \u00danica da Enfermagem (FUEnf) e com o secret\u00e1rio de Sa\u00fade, Osnei Okumoto, deputado Jorge Vianna (Podemos) e com gestores da Secretaria de Sa\u00fade, para discutir o impacto administrativo da [&hellip;]<\/p>\n","protected":false},"author":6,"featured_media":7543,"comment_status":"closed","ping_status":"closed","sticky":false,"template":"","format":"standard","meta":{"footnotes":""},"categories":[6,5],"tags":[],"class_list":["post-7516","post","type-post","status-publish","format-standard","has-post-thumbnail","hentry","category-noticias","category-rede-publica"],"_links":{"self":[{"href":"https:\/\/sindenfermeiro.com.br\/index.php\/wp-json\/wp\/v2\/posts\/7516","targetHints":{"allow":["GET"]}}],"collection":[{"href":"https:\/\/sindenfermeiro.com.br\/index.php\/wp-json\/wp\/v2\/posts"}],"about":[{"href":"https:\/\/sindenfermeiro.com.br\/index.php\/wp-json\/wp\/v2\/types\/post"}],"author":[{"embeddable":true,"href":"https:\/\/sindenfermeiro.com.br\/index.php\/wp-json\/wp\/v2\/users\/6"}],"replies":[{"embeddable":true,"href":"https:\/\/sindenfermeiro.com.br\/index.php\/wp-json\/wp\/v2\/comments?post=7516"}],"version-history":[{"count":1,"href":"https:\/\/sindenfermeiro.com.br\/index.php\/wp-json\/wp\/v2\/posts\/7516\/revisions"}],"predecessor-version":[{"id":18661,"href":"https:\/\/sindenfermeiro.com.br\/index.php\/wp-json\/wp\/v2\/posts\/7516\/revisions\/18661"}],"wp:featuredmedia":[{"embeddable":true,"href":"https:\/\/sindenfermeiro.com.br\/index.php\/wp-json\/"}],"wp:attachment":[{"href":"https:\/\/sindenfermeiro.com.br\/index.php\/wp-json\/wp\/v2\/media?parent=7516"}],"wp:term":[{"taxonomy":"category","embeddable":true,"href":"https:\/\/sindenfermeiro.com.br\/index.php\/wp-json\/wp\/v2\/categories?post=7516"},{"taxonomy":"post_tag","embeddable":true,"href":"https:\/\/sindenfermeiro.com.br\/index.php\/wp-json\/wp\/v2\/tags?post=7516"}],"curies":[{"name":"wp","href":"https:\/\/api.w.org\/{rel}","templated":true}]}}